{"id":1043,"date":"2022-01-11T22:02:00","date_gmt":"2022-01-11T21:02:00","guid":{"rendered":"http:\/\/www.irenefeste.com\/?p=1043"},"modified":"2022-02-02T22:05:04","modified_gmt":"2022-02-02T21:05:04","slug":"exposes-de-recherche-arpd","status":"publish","type":"post","link":"https:\/\/www.irenefeste.com\/?p=1043","title":{"rendered":"Expos\u00e9s de recherche ARPD"},"content":{"rendered":"\n<p>Mardi 18 janvier 2022 \u00e0 partir de 14h, trois expos\u00e9s de recherches se tiendront au Centre National de la Danse \u00e0 Pantin.<\/p>\n\n\n\n<p>Au programme&nbsp;:<\/p>\n\n\n\n<h4 class=\"wp-block-heading\" id=\"vers-le-bal-louis-xiii-d-apres-apologie-de-la-danse-1623-de-francois-de-lauzepar-christine-bayle\"><em>Vers le bal Louis&nbsp;XIII d\u2019apr\u00e8s<\/em><em>&nbsp;Apologie de la danse<\/em><em>&nbsp;(1623) de Fran\u00e7ois de Lauze<br><\/em>par Christine Bayle\u2026<\/h4>\n\n\n\n<h4 class=\"wp-block-heading\" id=\"les-quadrilles-de-jean-etienne-despreaux-organisateur-des-divertissements-et-spectacles-a-la-cour-de-napoleon-1erpar-irene-feste\"><em>Les quadrilles de Jean-\u00c9tienne Despr\u00e9aux, organisateur des divertissements et spectacles \u00e0 la cour de Napol\u00e9on&nbsp;1<sup>er<\/sup><\/em><br>par Ir\u00e8ne Feste<\/h4>\n\n\n\n<h4 class=\"wp-block-heading\" id=\"l-allemande-et-ses-passes-a-la-fin-du-xviiie-sieclepar-guillaume-jablonka\"><em>L\u2019allemande et ses passes \u00e0 la fin du XVIII<sup>e<\/sup>&nbsp;si\u00e8cle<br><\/em>par&nbsp;<strong>Guillaume Jablonka<\/strong><\/h4>\n\n\n\n<p><a href=\"https:\/\/www.cnd.fr\/fr\/program\/3071-exposes-de-recherche-et-de-notation\">Expos\u00e9s de recherche et de notation | Centre national de la danse (cnd.fr)<\/a><\/p>\n","protected":false},"excerpt":{"rendered":"<p>Mardi 18 janvier 2022 \u00e0 partir de 14h, trois expos\u00e9s de recherches se tiendront au Centre National de la Danse \u00e0 Pantin. Au programme&nbsp;: Vers le bal Louis&nbsp;XIII d\u2019apr\u00e8s&nbsp;Apologie de la danse&nbsp;(1623) de Fran\u00e7ois de Lauzepar Christine Bayle\u2026 Les quadrilles de Jean-\u00c9tienne Despr\u00e9aux, organisateur des divertissements et spectacles \u00e0 la cour de Napol\u00e9on&nbsp;1erpar Ir\u00e8ne Feste &hellip; <a href=\"https:\/\/www.irenefeste.com\/?p=1043\" class=\"more-link\">Continuer la lecture de <span class=\"screen-reader-text\">Expos\u00e9s de recherche ARPD<\/span> <span class=\"meta-nav\">&rarr;<\/span><\/a><\/p>\n","protected":false},"author":1,"featured_media":0,"comment_status":"closed","ping_status":"closed","sticky":false,"template":"","format":"standard","meta":{"footnotes":""},"categories":[13],"tags":[],"class_list":["post-1043","post","type-post","status-publish","format-standard","hentry","category-recherches-en-danse"],"_links":{"self":[{"href":"https:\/\/www.irenefeste.com\/index.php?rest_route=\/wp\/v2\/posts\/1043","targetHints":{"allow":["GET"]}}],"collection":[{"href":"https:\/\/www.irenefeste.com\/index.php?rest_route=\/wp\/v2\/posts"}],"about":[{"href":"https:\/\/www.irenefeste.com\/index.php?rest_route=\/wp\/v2\/types\/post"}],"author":[{"embeddable":true,"href":"https:\/\/www.irenefeste.com\/index.php?rest_route=\/wp\/v2\/users\/1"}],"replies":[{"embeddable":true,"href":"https:\/\/www.irenefeste.com\/index.php?rest_route=%2Fwp%2Fv2%2Fcomments&post=1043"}],"version-history":[{"count":2,"href":"https:\/\/www.irenefeste.com\/index.php?rest_route=\/wp\/v2\/posts\/1043\/revisions"}],"predecessor-version":[{"id":1045,"href":"https:\/\/www.irenefeste.com\/index.php?rest_route=\/wp\/v2\/posts\/1043\/revisions\/1045"}],"wp:attachment":[{"href":"https:\/\/www.irenefeste.com\/index.php?rest_route=%2Fwp%2Fv2%2Fmedia&parent=1043"}],"wp:term":[{"taxonomy":"category","embeddable":true,"href":"https:\/\/www.irenefeste.com\/index.php?rest_route=%2Fwp%2Fv2%2Fcategories&post=1043"},{"taxonomy":"post_tag","embeddable":true,"href":"https:\/\/www.irenefeste.com\/index.php?rest_route=%2Fwp%2Fv2%2Ftags&post=1043"}],"curies":[{"name":"wp","href":"https:\/\/api.w.org\/{rel}","templated":true}]}}