{"id":1083,"date":"2022-07-22T14:17:00","date_gmt":"2022-07-22T13:17:00","guid":{"rendered":"http:\/\/www.irenefeste.com\/?p=1083"},"modified":"2022-09-05T16:30:05","modified_gmt":"2022-09-05T15:30:05","slug":"festival-les-chemins-de-tolerance","status":"publish","type":"post","link":"https:\/\/www.irenefeste.com\/?p=1083","title":{"rendered":"Festival Les Chemins de Tol\u00e9rance"},"content":{"rendered":"\n<p>Conf\u00e9rence dans\u00e9e \u00a0\u00bb La danse \u00e0 l&rsquo;aube de la R\u00e9volution &#8211; De l&rsquo;aristocratie au Faubourg\u00a0\u00bb<\/p>\n\n\n\n<p>La convivialit\u00e9 et le plaisir qui s\u2019en d\u00e9gagent, s\u00e9duisent les Fran\u00e7ais qui jusqu\u2019alors guind\u00e9s dans les danses de bal \u00e0 la cour de Louis XIV, vont se l\u2019approprier et vont l\u2019accommoder \u00e0<br>la mode fran\u00e7aise.<br>Compos\u00e9es en grand nombre, ces contredanses sont diffus\u00e9es \u00e0 travers toutes les provinces, sous forme de feuilles volantes ou en petits recueils. Leurs titres, tel que Le carillon national,<br>s\u2019inspire de l\u2019actualit\u00e9\u2026<\/p>\n\n\n\n<p>Vendredi 5 ao\u00fbt 2022, \u00e0 18h \u00e0 Valleraugue<\/p>\n\n\n\n<p><a href=\"https:\/\/association-active.pagesperso-orange.fr\/Chemins-8-TOLERANCE-2022\/festival-Chemins-Cevennes-2022.html\">festival-Chemins-Cevennes-2022 (pagesperso-orange.fr)<\/a><\/p>\n\n\n\n<p>Programme <a href=\"https:\/\/association-active.pagesperso-orange.fr\/Chemins-8-TOLERANCE-2022\/PROGRAMME%20CHEMINS%20DE%20TOLERANCE%202020%20EN%20PDF.pdf\">PROGRAMME CHEMINS DE TOLERANCE 2020 EN PDF.pdf (pagesperso-orange.fr)<\/a><\/p>\n\n\n\n<figure class=\"wp-block-image size-large\"><a href=\"http:\/\/www.irenefeste.com\/wp-content\/uploads\/2022\/09\/AFFICHE-BAL-CHEMINS-A3.jpg\"><img loading=\"lazy\" decoding=\"async\" width=\"723\" height=\"1024\" src=\"http:\/\/www.irenefeste.com\/wp-content\/uploads\/2022\/09\/AFFICHE-BAL-CHEMINS-A3-723x1024.jpg\" alt=\"\" class=\"wp-image-1084\" srcset=\"https:\/\/www.irenefeste.com\/wp-content\/uploads\/2022\/09\/AFFICHE-BAL-CHEMINS-A3-723x1024.jpg 723w, https:\/\/www.irenefeste.com\/wp-content\/uploads\/2022\/09\/AFFICHE-BAL-CHEMINS-A3-212x300.jpg 212w, https:\/\/www.irenefeste.com\/wp-content\/uploads\/2022\/09\/AFFICHE-BAL-CHEMINS-A3-768x1088.jpg 768w, https:\/\/www.irenefeste.com\/wp-content\/uploads\/2022\/09\/AFFICHE-BAL-CHEMINS-A3-600x850.jpg 600w, https:\/\/www.irenefeste.com\/wp-content\/uploads\/2022\/09\/AFFICHE-BAL-CHEMINS-A3-1084x1536.jpg 1084w, https:\/\/www.irenefeste.com\/wp-content\/uploads\/2022\/09\/AFFICHE-BAL-CHEMINS-A3.jpg 1200w\" sizes=\"auto, (max-width: 723px) 100vw, 723px\" \/><\/a><\/figure>\n","protected":false},"excerpt":{"rendered":"<p>Conf\u00e9rence dans\u00e9e \u00a0\u00bb La danse \u00e0 l&rsquo;aube de la R\u00e9volution &#8211; De l&rsquo;aristocratie au Faubourg\u00a0\u00bb La convivialit\u00e9 et le plaisir qui s\u2019en d\u00e9gagent, s\u00e9duisent les Fran\u00e7ais qui jusqu\u2019alors guind\u00e9s dans les danses de bal \u00e0 la cour de Louis XIV, vont se l\u2019approprier et vont l\u2019accommoder \u00e0la mode fran\u00e7aise.Compos\u00e9es en grand nombre, ces contredanses sont &hellip; <a href=\"https:\/\/www.irenefeste.com\/?p=1083\" class=\"more-link\">Continuer la lecture de <span class=\"screen-reader-text\">Festival Les Chemins de Tol\u00e9rance<\/span> <span class=\"meta-nav\">&rarr;<\/span><\/a><\/p>\n","protected":false},"author":1,"featured_media":0,"comment_status":"closed","ping_status":"closed","sticky":false,"template":"","format":"standard","meta":{"footnotes":""},"categories":[15,14,2,13],"tags":[],"class_list":["post-1083","post","type-post","status-publish","format-standard","hentry","category-cie-danses-au-passe","category-conferences","category-festivals","category-recherches-en-danse"],"_links":{"self":[{"href":"https:\/\/www.irenefeste.com\/index.php?rest_route=\/wp\/v2\/posts\/1083","targetHints":{"allow":["GET"]}}],"collection":[{"href":"https:\/\/www.irenefeste.com\/index.php?rest_route=\/wp\/v2\/posts"}],"about":[{"href":"https:\/\/www.irenefeste.com\/index.php?rest_route=\/wp\/v2\/types\/post"}],"author":[{"embeddable":true,"href":"https:\/\/www.irenefeste.com\/index.php?rest_route=\/wp\/v2\/users\/1"}],"replies":[{"embeddable":true,"href":"https:\/\/www.irenefeste.com\/index.php?rest_route=%2Fwp%2Fv2%2Fcomments&post=1083"}],"version-history":[{"count":2,"href":"https:\/\/www.irenefeste.com\/index.php?rest_route=\/wp\/v2\/posts\/1083\/revisions"}],"predecessor-version":[{"id":1087,"href":"https:\/\/www.irenefeste.com\/index.php?rest_route=\/wp\/v2\/posts\/1083\/revisions\/1087"}],"wp:attachment":[{"href":"https:\/\/www.irenefeste.com\/index.php?rest_route=%2Fwp%2Fv2%2Fmedia&parent=1083"}],"wp:term":[{"taxonomy":"category","embeddable":true,"href":"https:\/\/www.irenefeste.com\/index.php?rest_route=%2Fwp%2Fv2%2Fcategories&post=1083"},{"taxonomy":"post_tag","embeddable":true,"href":"https:\/\/www.irenefeste.com\/index.php?rest_route=%2Fwp%2Fv2%2Ftags&post=1083"}],"curies":[{"name":"wp","href":"https:\/\/api.w.org\/{rel}","templated":true}]}}