{"id":1109,"date":"2022-11-11T11:12:00","date_gmt":"2022-11-11T10:12:00","guid":{"rendered":"http:\/\/www.irenefeste.com\/?p=1109"},"modified":"2022-11-16T11:14:39","modified_gmt":"2022-11-16T10:14:39","slug":"midi-danse","status":"publish","type":"post","link":"https:\/\/www.irenefeste.com\/?p=1109","title":{"rendered":"Midi Danse"},"content":{"rendered":"\n<figure class=\"wp-block-image size-large\"><a href=\"http:\/\/www.irenefeste.com\/wp-content\/uploads\/2022\/11\/Affiche-Midi-danse-17-nov-22.png\"><img loading=\"lazy\" decoding=\"async\" width=\"724\" height=\"1024\" src=\"http:\/\/www.irenefeste.com\/wp-content\/uploads\/2022\/11\/Affiche-Midi-danse-17-nov-22-724x1024.png\" alt=\"\" class=\"wp-image-1110\" srcset=\"https:\/\/www.irenefeste.com\/wp-content\/uploads\/2022\/11\/Affiche-Midi-danse-17-nov-22-724x1024.png 724w, https:\/\/www.irenefeste.com\/wp-content\/uploads\/2022\/11\/Affiche-Midi-danse-17-nov-22-212x300.png 212w, https:\/\/www.irenefeste.com\/wp-content\/uploads\/2022\/11\/Affiche-Midi-danse-17-nov-22-768x1086.png 768w, https:\/\/www.irenefeste.com\/wp-content\/uploads\/2022\/11\/Affiche-Midi-danse-17-nov-22-600x848.png 600w, https:\/\/www.irenefeste.com\/wp-content\/uploads\/2022\/11\/Affiche-Midi-danse-17-nov-22-1086x1536.png 1086w, https:\/\/www.irenefeste.com\/wp-content\/uploads\/2022\/11\/Affiche-Midi-danse-17-nov-22.png 1169w\" sizes=\"auto, (max-width: 724px) 100vw, 724px\" \/><\/a><\/figure>\n\n\n\n<p><strong><em>Dansons baroque&#8230;<\/em><\/strong><\/p>\n\n\n\n<p>A travers 5 pi\u00e8ces chor\u00e9graphiques du r\u00e9pertoire baroque mis en sc\u00e8ne, d\u00e9couvrez, en 15 minutes, la danse baroque, dite \u00ab Belle Dance \u00bb et ses multiples facettes de bal, de th\u00e9\u00e2tre, noble, demi-caract\u00e8re ou comique. De la le\u00e7on de danse, \u00e0 l\u2019entr\u00e9e du Roi Soleil, en passant par le bal masqu\u00e9 et les personnages de la Commedia dell Arte.<\/p>\n\n\n\n<p>Conception et interpr\u00e9tation : Ir\u00e8ne Feste<\/p>\n","protected":false},"excerpt":{"rendered":"<p>Dansons baroque&#8230; A travers 5 pi\u00e8ces chor\u00e9graphiques du r\u00e9pertoire baroque mis en sc\u00e8ne, d\u00e9couvrez, en 15 minutes, la danse baroque, dite \u00ab Belle Dance \u00bb et ses multiples facettes de bal, de th\u00e9\u00e2tre, noble, demi-caract\u00e8re ou comique. De la le\u00e7on de danse, \u00e0 l\u2019entr\u00e9e du Roi Soleil, en passant par le bal masqu\u00e9 et les &hellip; <a href=\"https:\/\/www.irenefeste.com\/?p=1109\" class=\"more-link\">Continuer la lecture de <span class=\"screen-reader-text\">Midi Danse<\/span> <span class=\"meta-nav\">&rarr;<\/span><\/a><\/p>\n","protected":false},"author":1,"featured_media":0,"comment_status":"closed","ping_status":"closed","sticky":false,"template":"","format":"standard","meta":{"footnotes":""},"categories":[15,2,4],"tags":[],"class_list":["post-1109","post","type-post","status-publish","format-standard","hentry","category-cie-danses-au-passe","category-festivals","category-spectacles"],"_links":{"self":[{"href":"https:\/\/www.irenefeste.com\/index.php?rest_route=\/wp\/v2\/posts\/1109","targetHints":{"allow":["GET"]}}],"collection":[{"href":"https:\/\/www.irenefeste.com\/index.php?rest_route=\/wp\/v2\/posts"}],"about":[{"href":"https:\/\/www.irenefeste.com\/index.php?rest_route=\/wp\/v2\/types\/post"}],"author":[{"embeddable":true,"href":"https:\/\/www.irenefeste.com\/index.php?rest_route=\/wp\/v2\/users\/1"}],"replies":[{"embeddable":true,"href":"https:\/\/www.irenefeste.com\/index.php?rest_route=%2Fwp%2Fv2%2Fcomments&post=1109"}],"version-history":[{"count":1,"href":"https:\/\/www.irenefeste.com\/index.php?rest_route=\/wp\/v2\/posts\/1109\/revisions"}],"predecessor-version":[{"id":1111,"href":"https:\/\/www.irenefeste.com\/index.php?rest_route=\/wp\/v2\/posts\/1109\/revisions\/1111"}],"wp:attachment":[{"href":"https:\/\/www.irenefeste.com\/index.php?rest_route=%2Fwp%2Fv2%2Fmedia&parent=1109"}],"wp:term":[{"taxonomy":"category","embeddable":true,"href":"https:\/\/www.irenefeste.com\/index.php?rest_route=%2Fwp%2Fv2%2Fcategories&post=1109"},{"taxonomy":"post_tag","embeddable":true,"href":"https:\/\/www.irenefeste.com\/index.php?rest_route=%2Fwp%2Fv2%2Ftags&post=1109"}],"curies":[{"name":"wp","href":"https:\/\/api.w.org\/{rel}","templated":true}]}}