{"id":1309,"date":"2024-05-13T19:15:00","date_gmt":"2024-05-13T18:15:00","guid":{"rendered":"https:\/\/www.irenefeste.com\/?p=1309"},"modified":"2024-06-16T19:20:11","modified_gmt":"2024-06-16T18:20:11","slug":"bal-renaissance-avec-le-crr-de-rouen","status":"publish","type":"post","link":"https:\/\/www.irenefeste.com\/?p=1309","title":{"rendered":"Bal Renaissance avec le CRR de Rouen"},"content":{"rendered":"\n<p>samedi 25 mai 2024 &#8211; 15h30<\/p>\n\n\n\n<p>Halle aux Toiles de Rouen<\/p>\n\n\n\n<p>Classes du D\u00e9partement de Musiques Anciennes et leurs invit\u00e9s<br>Ir\u00e8ne Feste, ma\u00eetresse \u00e0 danser<br>Marie Herv\u00e9, coordination artistique\u00a0<\/p>\n\n\n\n<p><a rel=\"noreferrer noopener\" href=\"https:\/\/conservatoirederouen.fr\/Agenda-PAS-A-PAS-VENEZ-DANSER-1417.htm\" target=\"_blank\">Conservatoire de rouen \u00e9tablissement \u00e0 rayonnement r\u00e9gional<\/a><\/p>\n","protected":false},"excerpt":{"rendered":"<p>samedi 25 mai 2024 &#8211; 15h30 Halle aux Toiles de Rouen Classes du D\u00e9partement de Musiques Anciennes et leurs invit\u00e9sIr\u00e8ne Feste, ma\u00eetresse \u00e0 danserMarie Herv\u00e9, coordination artistique\u00a0 Conservatoire de rouen \u00e9tablissement \u00e0 rayonnement r\u00e9gional<\/p>\n","protected":false},"author":1,"featured_media":0,"comment_status":"closed","ping_status":"closed","sticky":false,"template":"","format":"standard","meta":{"footnotes":""},"categories":[12],"tags":[],"class_list":["post-1309","post","type-post","status-publish","format-standard","hentry","category-bals"],"_links":{"self":[{"href":"https:\/\/www.irenefeste.com\/index.php?rest_route=\/wp\/v2\/posts\/1309","targetHints":{"allow":["GET"]}}],"collection":[{"href":"https:\/\/www.irenefeste.com\/index.php?rest_route=\/wp\/v2\/posts"}],"about":[{"href":"https:\/\/www.irenefeste.com\/index.php?rest_route=\/wp\/v2\/types\/post"}],"author":[{"embeddable":true,"href":"https:\/\/www.irenefeste.com\/index.php?rest_route=\/wp\/v2\/users\/1"}],"replies":[{"embeddable":true,"href":"https:\/\/www.irenefeste.com\/index.php?rest_route=%2Fwp%2Fv2%2Fcomments&post=1309"}],"version-history":[{"count":1,"href":"https:\/\/www.irenefeste.com\/index.php?rest_route=\/wp\/v2\/posts\/1309\/revisions"}],"predecessor-version":[{"id":1310,"href":"https:\/\/www.irenefeste.com\/index.php?rest_route=\/wp\/v2\/posts\/1309\/revisions\/1310"}],"wp:attachment":[{"href":"https:\/\/www.irenefeste.com\/index.php?rest_route=%2Fwp%2Fv2%2Fmedia&parent=1309"}],"wp:term":[{"taxonomy":"category","embeddable":true,"href":"https:\/\/www.irenefeste.com\/index.php?rest_route=%2Fwp%2Fv2%2Fcategories&post=1309"},{"taxonomy":"post_tag","embeddable":true,"href":"https:\/\/www.irenefeste.com\/index.php?rest_route=%2Fwp%2Fv2%2Ftags&post=1309"}],"curies":[{"name":"wp","href":"https:\/\/api.w.org\/{rel}","templated":true}]}}