{"id":1320,"date":"2024-06-27T17:24:30","date_gmt":"2024-06-27T16:24:30","guid":{"rendered":"https:\/\/www.irenefeste.com\/?p=1320"},"modified":"2024-08-31T17:43:45","modified_gmt":"2024-08-31T16:43:45","slug":"le-ballet-de-xerxes","status":"publish","type":"post","link":"https:\/\/www.irenefeste.com\/?p=1320","title":{"rendered":"Le Ballet de Xerx\u00e8s"},"content":{"rendered":"\n<p>Festival alter Musik, au ch\u00e2teau de Vianden, au Luxembourg<\/p>\n\n\n\n<p>Dimanche 7 juillet 2024 \u00e0 19h<\/p>\n\n\n\n<h3 class=\"wp-block-heading has-small-font-size\"><strong>Ir\u00e8ne Feste, Guillaume Jablonka<\/strong>&nbsp;(Cie Divertimenty) \u2013&nbsp;<em>Danse<\/em><\/h3>\n\n\n\n<p class=\"has-small-font-size\">Jitka Bensov\u00e0, Ria Lucas\u00a0\u2013\u00a0<em>Fl\u00fbte \u00e0 bec<\/em><\/p>\n\n\n\n<p class=\"has-small-font-size\">Caroline Reuter, Johanna Weirich, Aur\u00e9lie Wenzel, N.N. \u2013\u00a0<em>Violon<\/em><\/p>\n\n\n\n<p class=\"has-small-font-size\">Noah Mayer\u00a0\u2013\u00a0<em>Alto<\/em><\/p>\n\n\n\n<p class=\"has-small-font-size\">Beate Wins\u00a0\u2013\u00a0<em>Gambe<\/em><\/p>\n\n\n\n<p class=\"has-small-font-size\">Anne Clement\u00a0\u2013\u00a0<em>Contrebasse<\/em><\/p>\n\n\n\n<p class=\"has-small-font-size\"><strong>Rosch Mirkes\u00a0<\/strong>\u2013\u00a0<em>Clavecin<\/em><\/p>\n\n\n\n<p><a href=\"https:\/\/castle-vianden.lu\/fr\/events\/ad-libitum-929-415-664\/\">Festival alter Musik \u2013 Concert ambulant \u2013 Schloss Vianden (castle-vianden.lu)<\/a><\/p>\n","protected":false},"excerpt":{"rendered":"<p>Festival alter Musik, au ch\u00e2teau de Vianden, au Luxembourg Dimanche 7 juillet 2024 \u00e0 19h Ir\u00e8ne Feste, Guillaume Jablonka&nbsp;(Cie Divertimenty) \u2013&nbsp;Danse Jitka Bensov\u00e0, Ria Lucas\u00a0\u2013\u00a0Fl\u00fbte \u00e0 bec Caroline Reuter, Johanna Weirich, Aur\u00e9lie Wenzel, N.N. \u2013\u00a0Violon Noah Mayer\u00a0\u2013\u00a0Alto Beate Wins\u00a0\u2013\u00a0Gambe Anne Clement\u00a0\u2013\u00a0Contrebasse Rosch Mirkes\u00a0\u2013\u00a0Clavecin Festival alter Musik \u2013 Concert ambulant \u2013 Schloss Vianden (castle-vianden.lu)<\/p>\n","protected":false},"author":1,"featured_media":0,"comment_status":"closed","ping_status":"closed","sticky":false,"template":"","format":"standard","meta":{"footnotes":""},"categories":[2,4],"tags":[],"class_list":["post-1320","post","type-post","status-publish","format-standard","hentry","category-festivals","category-spectacles"],"_links":{"self":[{"href":"https:\/\/www.irenefeste.com\/index.php?rest_route=\/wp\/v2\/posts\/1320","targetHints":{"allow":["GET"]}}],"collection":[{"href":"https:\/\/www.irenefeste.com\/index.php?rest_route=\/wp\/v2\/posts"}],"about":[{"href":"https:\/\/www.irenefeste.com\/index.php?rest_route=\/wp\/v2\/types\/post"}],"author":[{"embeddable":true,"href":"https:\/\/www.irenefeste.com\/index.php?rest_route=\/wp\/v2\/users\/1"}],"replies":[{"embeddable":true,"href":"https:\/\/www.irenefeste.com\/index.php?rest_route=%2Fwp%2Fv2%2Fcomments&post=1320"}],"version-history":[{"count":2,"href":"https:\/\/www.irenefeste.com\/index.php?rest_route=\/wp\/v2\/posts\/1320\/revisions"}],"predecessor-version":[{"id":1322,"href":"https:\/\/www.irenefeste.com\/index.php?rest_route=\/wp\/v2\/posts\/1320\/revisions\/1322"}],"wp:attachment":[{"href":"https:\/\/www.irenefeste.com\/index.php?rest_route=%2Fwp%2Fv2%2Fmedia&parent=1320"}],"wp:term":[{"taxonomy":"category","embeddable":true,"href":"https:\/\/www.irenefeste.com\/index.php?rest_route=%2Fwp%2Fv2%2Fcategories&post=1320"},{"taxonomy":"post_tag","embeddable":true,"href":"https:\/\/www.irenefeste.com\/index.php?rest_route=%2Fwp%2Fv2%2Ftags&post=1320"}],"curies":[{"name":"wp","href":"https:\/\/api.w.org\/{rel}","templated":true}]}}