{"id":1417,"date":"2025-06-04T10:37:00","date_gmt":"2025-06-04T09:37:00","guid":{"rendered":"https:\/\/www.irenefeste.com\/?p=1417"},"modified":"2025-05-24T21:45:13","modified_gmt":"2025-05-24T20:45:13","slug":"festival-fait-maison","status":"publish","type":"post","link":"https:\/\/www.irenefeste.com\/?p=1417","title":{"rendered":"Festival Fait Maison"},"content":{"rendered":"\n<p>Micadanses, Dimanche 15 juin 2025<\/p>\n\n\n\n<p><strong>15h-16h : Initiation \u00e0 la danse baroque<\/strong><\/p>\n\n\n\n<p>Cet atelier s\u2019adresse \u00e0 toute personne curieuse de d\u00e9couvrir l\u2019univers de la danse baroque.<br>Danse de cour des XVII \u00e8me et XVIII \u00e8me si\u00e8cles, la danse baroque est \u00e0 l\u2019origine de la danse classique d\u2019aujourd\u2019hui. Menuet, courante, sarabande, bourr\u00e9e, gavotte, et contredanse \u00e9taient des danses tr\u00e8s pris\u00e9es lors des bals. 2025 marque les 300 ans de la publication d\u2019un des trait\u00e9s qui a permis la red\u00e9couverte de la danse baroque :\u00a0<em>Le Ma\u00eetre \u00e0 danser<\/em>, de Pierre Rameau, publi\u00e9 en 1725, une occasion de (re)d\u00e9couvrir la\u00a0<em>Belle dance<\/em>\u00a0!<\/p>\n\n\n\n<p><strong>17h15-18h30 : Conf\u00e9rence dans\u00e9e \u00ab\u00a0<em>Pierre Rameau &#8211; Le v\u00e9ritable de go\u00fbt de la Belle Dance<\/em>\u00ab\u00a0<\/strong><\/p>\n\n\n\n<p>Aujourd\u2019hui appel\u00e9e danse baroque, la \u201cBelle Dance\u201d est le style pratiqu\u00e9 aux XVII \u00e8me et XVIII \u00e8me si\u00e8cles, \u00e0 la cour. Gr\u00e2ce \u00e0 des trait\u00e9s comme\u00a0<em>Le Ma\u00eetre \u00e0 danser\u00a0<\/em>de Pierre Rameau (1725) et \u00e0 des artistes et chercheurs, la fin du XX \u00e8me si\u00e8cle voit le retour de ce style. Cette conf\u00e9rence dans\u00e9e vous invite \u00e0 d\u00e9couvrir les sources \u00e0 l\u2019origine de ce renouveau. Elle est pr\u00e9c\u00e9d\u00e9e d\u2019un atelier d\u2019initiation \u00e0 la danse baroque ouvert \u00e0 toute personne curieuse de d\u00e9couvrir l\u2019univers de ce style tr\u00e8s codifi\u00e9.<\/p>\n\n\n\n<p><a href=\"https:\/\/micadanses.com\/festival-fait-maison\/\">Festival Fait Maison \u2013 micadanses<\/a><\/p>\n","protected":false},"excerpt":{"rendered":"<p>Micadanses, Dimanche 15 juin 2025 15h-16h : Initiation \u00e0 la danse baroque Cet atelier s\u2019adresse \u00e0 toute personne curieuse de d\u00e9couvrir l\u2019univers de la danse baroque.Danse de cour des XVII \u00e8me et XVIII \u00e8me si\u00e8cles, la danse baroque est \u00e0 l\u2019origine de la danse classique d\u2019aujourd\u2019hui. Menuet, courante, sarabande, bourr\u00e9e, gavotte, et contredanse \u00e9taient des &hellip; <a href=\"https:\/\/www.irenefeste.com\/?p=1417\" class=\"more-link\">Continuer la lecture de <span class=\"screen-reader-text\">Festival Fait Maison<\/span> <span class=\"meta-nav\">&rarr;<\/span><\/a><\/p>\n","protected":false},"author":1,"featured_media":0,"comment_status":"closed","ping_status":"open","sticky":false,"template":"","format":"standard","meta":{"footnotes":""},"categories":[15,14,2],"tags":[],"class_list":["post-1417","post","type-post","status-publish","format-standard","hentry","category-cie-danses-au-passe","category-conferences","category-festivals"],"_links":{"self":[{"href":"https:\/\/www.irenefeste.com\/index.php?rest_route=\/wp\/v2\/posts\/1417","targetHints":{"allow":["GET"]}}],"collection":[{"href":"https:\/\/www.irenefeste.com\/index.php?rest_route=\/wp\/v2\/posts"}],"about":[{"href":"https:\/\/www.irenefeste.com\/index.php?rest_route=\/wp\/v2\/types\/post"}],"author":[{"embeddable":true,"href":"https:\/\/www.irenefeste.com\/index.php?rest_route=\/wp\/v2\/users\/1"}],"replies":[{"embeddable":true,"href":"https:\/\/www.irenefeste.com\/index.php?rest_route=%2Fwp%2Fv2%2Fcomments&post=1417"}],"version-history":[{"count":1,"href":"https:\/\/www.irenefeste.com\/index.php?rest_route=\/wp\/v2\/posts\/1417\/revisions"}],"predecessor-version":[{"id":1418,"href":"https:\/\/www.irenefeste.com\/index.php?rest_route=\/wp\/v2\/posts\/1417\/revisions\/1418"}],"wp:attachment":[{"href":"https:\/\/www.irenefeste.com\/index.php?rest_route=%2Fwp%2Fv2%2Fmedia&parent=1417"}],"wp:term":[{"taxonomy":"category","embeddable":true,"href":"https:\/\/www.irenefeste.com\/index.php?rest_route=%2Fwp%2Fv2%2Fcategories&post=1417"},{"taxonomy":"post_tag","embeddable":true,"href":"https:\/\/www.irenefeste.com\/index.php?rest_route=%2Fwp%2Fv2%2Ftags&post=1417"}],"curies":[{"name":"wp","href":"https:\/\/api.w.org\/{rel}","templated":true}]}}