{"id":1438,"date":"2025-09-13T14:49:45","date_gmt":"2025-09-13T13:49:45","guid":{"rendered":"https:\/\/www.irenefeste.com\/?p=1438"},"modified":"2025-08-20T15:07:17","modified_gmt":"2025-08-20T14:07:17","slug":"concert-folies-baroques","status":"publish","type":"post","link":"https:\/\/www.irenefeste.com\/?p=1438","title":{"rendered":"Concert \u00ab\u00a0Folies baroques\u00a0\u00bb"},"content":{"rendered":"\n<p>L\u2019ensemble Les Giboul\u00e9es s\u2019associe \u00e0 la danseuse et chor\u00e9graphe Ir\u00e8ne Feste pour un concert plein d\u2019intensit\u00e9 et de virtuosit\u00e9 sur des m\u00e9lodies populaires du XVIIe si\u00e8cle fran\u00e7ais et italien. La folia, aussi appel\u00e9 folies d\u2019Espagne, \u00e9tait un v\u00e9ritable tube de l\u2019\u00e8re baroque, un air qui a voyag\u00e9 depuis l\u2019Espagne dans toute l\u2019Europe, jusqu\u2019\u00e0 se retrouver dans les oeuvres du magnifique Antonio Vivaldi. Les musiciens vous proposent d\u2019explorer ce th\u00e8me dans tous ses \u00e9tats : depuis l\u2019aube du XVIIe si\u00e8cle en Italie, \u00e0 la cour de Louis XIV avec Marin Marais, musicien star du roi soleil, jusque dans l\u2019Italie flamboyante du baroque. Un concert \u00e0 voir et \u00e0 entendre !<\/p>\n\n\n\n<p>Dimanche 12 octobre 2025 \u00e0 16h, Eglise Saint-Etienne, \u00e0 Briare<\/p>\n\n\n\n<p><a href=\"https:\/\/www.tourismeloiret.com\/fr\/diffusio\/agenda\/concert-folies-baroques-briare_TFOFMACEN045V50DOS8\">Concert \u00ab\u00a0Folies baroques\u00a0\u00bb, BRIARE | Tourisme Loiret<\/a><\/p>\n\n\n\n<figure class=\"wp-block-image size-large\"><a href=\"http:\/\/www.irenefeste.com\/wp-content\/uploads\/2025\/08\/Danses-au-Passe-photo-de-Virginie-Wehrung-2.jpg\"><img loading=\"lazy\" decoding=\"async\" width=\"1024\" height=\"768\" src=\"http:\/\/www.irenefeste.com\/wp-content\/uploads\/2025\/08\/Danses-au-Passe-photo-de-Virginie-Wehrung-2-1024x768.jpg\" alt=\"\" class=\"wp-image-1439\" srcset=\"https:\/\/www.irenefeste.com\/wp-content\/uploads\/2025\/08\/Danses-au-Passe-photo-de-Virginie-Wehrung-2-1024x768.jpg 1024w, https:\/\/www.irenefeste.com\/wp-content\/uploads\/2025\/08\/Danses-au-Passe-photo-de-Virginie-Wehrung-2-300x225.jpg 300w, https:\/\/www.irenefeste.com\/wp-content\/uploads\/2025\/08\/Danses-au-Passe-photo-de-Virginie-Wehrung-2-768x576.jpg 768w, https:\/\/www.irenefeste.com\/wp-content\/uploads\/2025\/08\/Danses-au-Passe-photo-de-Virginie-Wehrung-2-600x450.jpg 600w, https:\/\/www.irenefeste.com\/wp-content\/uploads\/2025\/08\/Danses-au-Passe-photo-de-Virginie-Wehrung-2-1536x1152.jpg 1536w, https:\/\/www.irenefeste.com\/wp-content\/uploads\/2025\/08\/Danses-au-Passe-photo-de-Virginie-Wehrung-2-1320x990.jpg 1320w, https:\/\/www.irenefeste.com\/wp-content\/uploads\/2025\/08\/Danses-au-Passe-photo-de-Virginie-Wehrung-2.jpg 2048w\" sizes=\"auto, (max-width: 1024px) 100vw, 1024px\" \/><\/a><figcaption class=\"wp-element-caption\">Cr\u00e9dit photo : Virginie Wehrung<\/figcaption><\/figure>\n","protected":false},"excerpt":{"rendered":"<p>L\u2019ensemble Les Giboul\u00e9es s\u2019associe \u00e0 la danseuse et chor\u00e9graphe Ir\u00e8ne Feste pour un concert plein d\u2019intensit\u00e9 et de virtuosit\u00e9 sur des m\u00e9lodies populaires du XVIIe si\u00e8cle fran\u00e7ais et italien. La folia, aussi appel\u00e9 folies d\u2019Espagne, \u00e9tait un v\u00e9ritable tube de l\u2019\u00e8re baroque, un air qui a voyag\u00e9 depuis l\u2019Espagne dans toute l\u2019Europe, jusqu\u2019\u00e0 se retrouver &hellip; <a href=\"https:\/\/www.irenefeste.com\/?p=1438\" class=\"more-link\">Continuer la lecture de <span class=\"screen-reader-text\">Concert \u00ab\u00a0Folies baroques\u00a0\u00bb<\/span> <span class=\"meta-nav\">&rarr;<\/span><\/a><\/p>\n","protected":false},"author":1,"featured_media":0,"comment_status":"closed","ping_status":"open","sticky":false,"template":"","format":"standard","meta":{"footnotes":""},"categories":[5,2,4],"tags":[],"class_list":["post-1438","post","type-post","status-publish","format-standard","hentry","category-choregraphies","category-festivals","category-spectacles"],"_links":{"self":[{"href":"https:\/\/www.irenefeste.com\/index.php?rest_route=\/wp\/v2\/posts\/1438","targetHints":{"allow":["GET"]}}],"collection":[{"href":"https:\/\/www.irenefeste.com\/index.php?rest_route=\/wp\/v2\/posts"}],"about":[{"href":"https:\/\/www.irenefeste.com\/index.php?rest_route=\/wp\/v2\/types\/post"}],"author":[{"embeddable":true,"href":"https:\/\/www.irenefeste.com\/index.php?rest_route=\/wp\/v2\/users\/1"}],"replies":[{"embeddable":true,"href":"https:\/\/www.irenefeste.com\/index.php?rest_route=%2Fwp%2Fv2%2Fcomments&post=1438"}],"version-history":[{"count":1,"href":"https:\/\/www.irenefeste.com\/index.php?rest_route=\/wp\/v2\/posts\/1438\/revisions"}],"predecessor-version":[{"id":1440,"href":"https:\/\/www.irenefeste.com\/index.php?rest_route=\/wp\/v2\/posts\/1438\/revisions\/1440"}],"wp:attachment":[{"href":"https:\/\/www.irenefeste.com\/index.php?rest_route=%2Fwp%2Fv2%2Fmedia&parent=1438"}],"wp:term":[{"taxonomy":"category","embeddable":true,"href":"https:\/\/www.irenefeste.com\/index.php?rest_route=%2Fwp%2Fv2%2Fcategories&post=1438"},{"taxonomy":"post_tag","embeddable":true,"href":"https:\/\/www.irenefeste.com\/index.php?rest_route=%2Fwp%2Fv2%2Ftags&post=1438"}],"curies":[{"name":"wp","href":"https:\/\/api.w.org\/{rel}","templated":true}]}}