{"id":1476,"date":"2025-12-10T09:54:37","date_gmt":"2025-12-10T08:54:37","guid":{"rendered":"https:\/\/www.irenefeste.com\/?p=1476"},"modified":"2025-12-10T09:54:37","modified_gmt":"2025-12-10T08:54:37","slug":"le-maitre-a-danser-300-ans","status":"publish","type":"post","link":"https:\/\/www.irenefeste.com\/?p=1476","title":{"rendered":"Le Ma\u00eetre \u00e0 Danser &#8211; 300 ans"},"content":{"rendered":"\n<p>Jeudi 11 et vendredi 12 d\u00e9cembre 2025 Colloque international <\/p>\n\n\n\n<p>ENSEIGNER LA MANIERE. LES TRAITES TECHNIQUES DE DANSE (1700-1750)<br>Biblioth\u00e8que musicale La Grange-Fleuret \u2013 Paris<\/p>\n\n\n\n<p><a href=\"https:\/\/www.bibliotheques-royaumont.com\/evenement\/11-12-decembre-colloque-international-enseigner-la-maniere-a-loccasion-du-troisieme-centenaire-de-la-parution-du-maitre-a-danser-de-pierre-rameau-1725\/\">11 &amp; 12 d\u00e9cembre &#8211; Colloque international \u00ab\u00a0Enseigner la mani\u00e8re\u00a0\u00bb \u00e0 l&rsquo;occasion du tricentenaire de la parution du Ma\u00eetre \u00e0 danser de Pierre Rameau (1725) &#8211; Biblioth\u00e8ques Royaumont<\/a><\/p>\n\n\n\n<p>Samedi 13 d\u00e9cembre 2025<br>DANSER PIERRE RAMEAU, DES LIVRES ET DES PRATIQUES<br>Micadanses \u2013 Paris<\/p>\n\n\n\n<p><a href=\"https:\/\/micadanses.com\/evenements\/danser-pierre-rameau-des-livres-et-des-pratiques\/\">Danser Pierre Rameau, des livres et des pratiques \u2013 micadanses<\/a><\/p>\n\n\n\n<figure class=\"wp-block-image size-large\"><a href=\"https:\/\/www.irenefeste.com\/wp-content\/uploads\/2025\/12\/Le_maitre_a_danser_Qui_.Rameau_Pierre_btv1b8623292z_10.jpeg\"><img loading=\"lazy\" decoding=\"async\" width=\"621\" height=\"1024\" src=\"https:\/\/www.irenefeste.com\/wp-content\/uploads\/2025\/12\/Le_maitre_a_danser_Qui_.Rameau_Pierre_btv1b8623292z_10-621x1024.jpeg\" alt=\"\" class=\"wp-image-1477\" srcset=\"https:\/\/www.irenefeste.com\/wp-content\/uploads\/2025\/12\/Le_maitre_a_danser_Qui_.Rameau_Pierre_btv1b8623292z_10-621x1024.jpeg 621w, https:\/\/www.irenefeste.com\/wp-content\/uploads\/2025\/12\/Le_maitre_a_danser_Qui_.Rameau_Pierre_btv1b8623292z_10-182x300.jpeg 182w, https:\/\/www.irenefeste.com\/wp-content\/uploads\/2025\/12\/Le_maitre_a_danser_Qui_.Rameau_Pierre_btv1b8623292z_10-768x1266.jpeg 768w, https:\/\/www.irenefeste.com\/wp-content\/uploads\/2025\/12\/Le_maitre_a_danser_Qui_.Rameau_Pierre_btv1b8623292z_10-600x989.jpeg 600w, https:\/\/www.irenefeste.com\/wp-content\/uploads\/2025\/12\/Le_maitre_a_danser_Qui_.Rameau_Pierre_btv1b8623292z_10-932x1536.jpeg 932w, https:\/\/www.irenefeste.com\/wp-content\/uploads\/2025\/12\/Le_maitre_a_danser_Qui_.Rameau_Pierre_btv1b8623292z_10.jpeg 950w\" sizes=\"auto, (max-width: 621px) 100vw, 621px\" \/><\/a><\/figure>\n","protected":false},"excerpt":{"rendered":"<p>Jeudi 11 et vendredi 12 d\u00e9cembre 2025 Colloque international ENSEIGNER LA MANIERE. LES TRAITES TECHNIQUES DE DANSE (1700-1750)Biblioth\u00e8que musicale La Grange-Fleuret \u2013 Paris 11 &amp; 12 d\u00e9cembre &#8211; Colloque international \u00ab\u00a0Enseigner la mani\u00e8re\u00a0\u00bb \u00e0 l&rsquo;occasion du tricentenaire de la parution du Ma\u00eetre \u00e0 danser de Pierre Rameau (1725) &#8211; Biblioth\u00e8ques Royaumont Samedi 13 d\u00e9cembre 2025DANSER &hellip; <a href=\"https:\/\/www.irenefeste.com\/?p=1476\" class=\"more-link\">Continuer la lecture de <span class=\"screen-reader-text\">Le Ma\u00eetre \u00e0 Danser &#8211; 300 ans<\/span> <span class=\"meta-nav\">&rarr;<\/span><\/a><\/p>\n","protected":false},"author":1,"featured_media":0,"comment_status":"closed","ping_status":"open","sticky":false,"template":"","format":"standard","meta":{"footnotes":""},"categories":[14,13],"tags":[],"class_list":["post-1476","post","type-post","status-publish","format-standard","hentry","category-conferences","category-recherches-en-danse"],"_links":{"self":[{"href":"https:\/\/www.irenefeste.com\/index.php?rest_route=\/wp\/v2\/posts\/1476","targetHints":{"allow":["GET"]}}],"collection":[{"href":"https:\/\/www.irenefeste.com\/index.php?rest_route=\/wp\/v2\/posts"}],"about":[{"href":"https:\/\/www.irenefeste.com\/index.php?rest_route=\/wp\/v2\/types\/post"}],"author":[{"embeddable":true,"href":"https:\/\/www.irenefeste.com\/index.php?rest_route=\/wp\/v2\/users\/1"}],"replies":[{"embeddable":true,"href":"https:\/\/www.irenefeste.com\/index.php?rest_route=%2Fwp%2Fv2%2Fcomments&post=1476"}],"version-history":[{"count":1,"href":"https:\/\/www.irenefeste.com\/index.php?rest_route=\/wp\/v2\/posts\/1476\/revisions"}],"predecessor-version":[{"id":1478,"href":"https:\/\/www.irenefeste.com\/index.php?rest_route=\/wp\/v2\/posts\/1476\/revisions\/1478"}],"wp:attachment":[{"href":"https:\/\/www.irenefeste.com\/index.php?rest_route=%2Fwp%2Fv2%2Fmedia&parent=1476"}],"wp:term":[{"taxonomy":"category","embeddable":true,"href":"https:\/\/www.irenefeste.com\/index.php?rest_route=%2Fwp%2Fv2%2Fcategories&post=1476"},{"taxonomy":"post_tag","embeddable":true,"href":"https:\/\/www.irenefeste.com\/index.php?rest_route=%2Fwp%2Fv2%2Ftags&post=1476"}],"curies":[{"name":"wp","href":"https:\/\/api.w.org\/{rel}","templated":true}]}}