{"id":1501,"date":"2026-03-16T08:00:00","date_gmt":"2026-03-16T07:00:00","guid":{"rendered":"https:\/\/www.irenefeste.com\/?p=1501"},"modified":"2026-03-12T13:27:14","modified_gmt":"2026-03-12T12:27:14","slug":"journee-europeenne-de-la-musique-ancienne","status":"publish","type":"post","link":"https:\/\/www.irenefeste.com\/?p=1501","title":{"rendered":"Journ\u00e9e Europ\u00e9enne de la Musique Ancienne"},"content":{"rendered":"\n<p>\u00ab\u00a0<strong><em>Sur les pas de danseuses<\/em><\/strong>\u00ab\u00a0, atelier chor\u00e9graphique de Danse Baroque, salle Bizet \u00e0 l&rsquo;Op\u00e9ra de Massy, de 14h \u00e0 16h<\/p>\n\n\n\n<p><a href=\"https:\/\/www.opera-massy.com\/fr\/journee-europeenne-de-la-musique-ancienne.html?cmp_id=77&amp;news_id=1228&amp;utm_source=INFORMATION&amp;utm_medium=EMAIL&amp;utm_campaign=pensez%2Ba%2Breserver%2BMARS%2Bodm\">Op\u00e9ra de Massy &#8211; Direction Jack-Henri Soum\u00e8re<\/a><\/p>\n\n\n\n<p><strong>Dans le cadre de la Journ\u00e9e Europ\u00e9enne de la Musique Ancienne et du Mois \u00c9galit\u00e9<\/strong><\/p>\n\n\n\n<p>Du temps de Louis XIV, c\u2019est essentiellement les hommes qui dansent au th\u00e9\u00e2tre, ils se travestissent pour incarner tous les r\u00f4les qu\u2019ils soient f\u00e9minins ou masculins. La professionnalisation de la danseuse viendra \u00e0 la fin du XVII\u00e8me si\u00e8cle et verra l\u2019\u00e9mergence de grandes danseuses qui marqueront leur temps par leur danse (Mesdemoiselles de La Fontaine, de Subligny, Guyot, Pr\u00e9vost, La Camargo, Marie Sall\u00e9&#8230;)<br>A la cour du Roi Soleil, les bals sont r\u00e9gl\u00e9s selon l\u2019usage instaur\u00e9 du temps de la jeunesse de Louis XIV \u00e0 savoir la d\u00e9monstration et les interminables successions de danses \u00e0 deux selon son rang. Pendant l&rsquo;atelier, les participants sont invit\u00e9s \u00e0 d\u00e9couvrir les contredanses fran\u00e7aises d\u00e9di\u00e9es aux personnalit\u00e9s f\u00e9minines du XVIII\u00e8me si\u00e8cle.<\/p>\n","protected":false},"excerpt":{"rendered":"<p>\u00ab\u00a0Sur les pas de danseuses\u00ab\u00a0, atelier chor\u00e9graphique de Danse Baroque, salle Bizet \u00e0 l&rsquo;Op\u00e9ra de Massy, de 14h \u00e0 16h Op\u00e9ra de Massy &#8211; Direction Jack-Henri Soum\u00e8re Dans le cadre de la Journ\u00e9e Europ\u00e9enne de la Musique Ancienne et du Mois \u00c9galit\u00e9 Du temps de Louis XIV, c\u2019est essentiellement les hommes qui dansent au th\u00e9\u00e2tre, &hellip; <a href=\"https:\/\/www.irenefeste.com\/?p=1501\" class=\"more-link\">Continuer la lecture de <span class=\"screen-reader-text\">Journ\u00e9e Europ\u00e9enne de la Musique Ancienne<\/span> <span class=\"meta-nav\">&rarr;<\/span><\/a><\/p>\n","protected":false},"author":1,"featured_media":0,"comment_status":"closed","ping_status":"open","sticky":false,"template":"","format":"standard","meta":{"footnotes":""},"categories":[5,15,2],"tags":[],"class_list":["post-1501","post","type-post","status-publish","format-standard","hentry","category-choregraphies","category-cie-danses-au-passe","category-festivals"],"_links":{"self":[{"href":"https:\/\/www.irenefeste.com\/index.php?rest_route=\/wp\/v2\/posts\/1501","targetHints":{"allow":["GET"]}}],"collection":[{"href":"https:\/\/www.irenefeste.com\/index.php?rest_route=\/wp\/v2\/posts"}],"about":[{"href":"https:\/\/www.irenefeste.com\/index.php?rest_route=\/wp\/v2\/types\/post"}],"author":[{"embeddable":true,"href":"https:\/\/www.irenefeste.com\/index.php?rest_route=\/wp\/v2\/users\/1"}],"replies":[{"embeddable":true,"href":"https:\/\/www.irenefeste.com\/index.php?rest_route=%2Fwp%2Fv2%2Fcomments&post=1501"}],"version-history":[{"count":2,"href":"https:\/\/www.irenefeste.com\/index.php?rest_route=\/wp\/v2\/posts\/1501\/revisions"}],"predecessor-version":[{"id":1506,"href":"https:\/\/www.irenefeste.com\/index.php?rest_route=\/wp\/v2\/posts\/1501\/revisions\/1506"}],"wp:attachment":[{"href":"https:\/\/www.irenefeste.com\/index.php?rest_route=%2Fwp%2Fv2%2Fmedia&parent=1501"}],"wp:term":[{"taxonomy":"category","embeddable":true,"href":"https:\/\/www.irenefeste.com\/index.php?rest_route=%2Fwp%2Fv2%2Fcategories&post=1501"},{"taxonomy":"post_tag","embeddable":true,"href":"https:\/\/www.irenefeste.com\/index.php?rest_route=%2Fwp%2Fv2%2Ftags&post=1501"}],"curies":[{"name":"wp","href":"https:\/\/api.w.org\/{rel}","templated":true}]}}