{"id":241,"date":"2013-11-26T19:34:21","date_gmt":"2013-11-26T18:34:21","guid":{"rendered":"http:\/\/www.irenefeste.com\/?p=241"},"modified":"2014-01-05T22:32:16","modified_gmt":"2014-01-05T21:32:16","slug":"stage-exceptionnel-cie-fantaisies-baroques","status":"publish","type":"post","link":"https:\/\/www.irenefeste.com\/?p=241","title":{"rendered":"Stage Exceptionnel &#8211; Cie Fantaisies Baroques"},"content":{"rendered":"<p style=\"text-align: center;\"><span style=\"color: #800000; font-size: 24px;\"><em><strong>Suite de danses d&rsquo;un Bal \u00e0 la Fran\u00e7aise.<\/strong><\/em><\/span><\/p>\n<p style=\"text-align: center;\"><span style=\"font-size: 20px;\"><strong><span style=\"line-height: 1.5; color: #000000;\">Stage exceptionnel de la Cie Fantaisies Baroques<\/span><\/strong><\/span><\/p>\n<p style=\"text-align: center;\"><span style=\"font-size: 20px;\"><i style=\"line-height: 1.5;\">L\u2019occasion de danser et de s\u2019initier au protocole d\u2019un bal \u00e0 la Fran\u00e7aise \u00e0 la Cour du Roi Soleil<\/i><\/span><\/p>\n<p style=\"text-align: center;\"><span style=\"line-height: 1.5;\">Samedi 30 novembre &#8211; Dimanche 1er d\u00e9cembre, de 16h \u00e0 19h<\/span><\/p>\n<p style=\"text-align: center;\">Lieu : Micadanses 15, rue Geoffroy l&rsquo;Asnier 75004 Paris, Studio So Schnell<\/p>\n<p style=\"text-align: center;\">Renseignements : contact@fantaisiesbaroques.com<\/p>\n<p style=\"text-align: center;\">Cie Fantaisies Baroques :\u00a0<a title=\"Cie Fantaisies Baroques\" href=\"http:\/\/www.fantaisiesbaroques.com\" target=\"_blank\">www.fantaisiesbaroques.com<\/a><\/p>\n<p style=\"text-align: center;\"><em><strong><a href=\"http:\/\/www.irenefeste.com\/wp-content\/uploads\/2013\/11\/Stage-Suite-dun-bal-\u00e0-la-Fran\u00e7aise.jpg\"><img loading=\"lazy\" decoding=\"async\" class=\"alignnone size-full wp-image-245\" alt=\"Stage Suite d'un bal \u00e0 la Fran\u00e7aise\" src=\"http:\/\/www.irenefeste.com\/wp-content\/uploads\/2013\/11\/Stage-Suite-dun-bal-\u00e0-la-Fran\u00e7aise.jpg\" width=\"1240\" height=\"1753\" srcset=\"https:\/\/www.irenefeste.com\/wp-content\/uploads\/2013\/11\/Stage-Suite-dun-bal-\u00e0-la-Fran\u00e7aise.jpg 1240w, https:\/\/www.irenefeste.com\/wp-content\/uploads\/2013\/11\/Stage-Suite-dun-bal-\u00e0-la-Fran\u00e7aise-212x300.jpg 212w, https:\/\/www.irenefeste.com\/wp-content\/uploads\/2013\/11\/Stage-Suite-dun-bal-\u00e0-la-Fran\u00e7aise-724x1024.jpg 724w, https:\/\/www.irenefeste.com\/wp-content\/uploads\/2013\/11\/Stage-Suite-dun-bal-\u00e0-la-Fran\u00e7aise-600x848.jpg 600w\" sizes=\"auto, (max-width: 1240px) 100vw, 1240px\" \/><\/a><\/strong><\/em><\/p>\n","protected":false},"excerpt":{"rendered":"<p>Suite de danses d&rsquo;un Bal \u00e0 la Fran\u00e7aise. Stage exceptionnel de la Cie Fantaisies Baroques L\u2019occasion de danser et de s\u2019initier au protocole d\u2019un bal \u00e0 la Fran\u00e7aise \u00e0 la Cour du Roi Soleil Samedi 30 novembre &#8211; Dimanche 1er d\u00e9cembre, de 16h \u00e0 19h Lieu : Micadanses 15, rue Geoffroy l&rsquo;Asnier 75004 Paris, Studio &hellip; <a href=\"https:\/\/www.irenefeste.com\/?p=241\" class=\"more-link\">Continuer la lecture de <span class=\"screen-reader-text\">Stage Exceptionnel &#8211; Cie Fantaisies Baroques<\/span> <span class=\"meta-nav\">&rarr;<\/span><\/a><\/p>\n","protected":false},"author":1,"featured_media":0,"comment_status":"closed","ping_status":"open","sticky":false,"template":"","format":"standard","meta":{"footnotes":""},"categories":[6,3],"tags":[],"class_list":["post-241","post","type-post","status-publish","format-standard","hentry","category-cie-fantaisies-baroques","category-cours-et-stages-de-danse"],"_links":{"self":[{"href":"https:\/\/www.irenefeste.com\/index.php?rest_route=\/wp\/v2\/posts\/241","targetHints":{"allow":["GET"]}}],"collection":[{"href":"https:\/\/www.irenefeste.com\/index.php?rest_route=\/wp\/v2\/posts"}],"about":[{"href":"https:\/\/www.irenefeste.com\/index.php?rest_route=\/wp\/v2\/types\/post"}],"author":[{"embeddable":true,"href":"https:\/\/www.irenefeste.com\/index.php?rest_route=\/wp\/v2\/users\/1"}],"replies":[{"embeddable":true,"href":"https:\/\/www.irenefeste.com\/index.php?rest_route=%2Fwp%2Fv2%2Fcomments&post=241"}],"version-history":[{"count":4,"href":"https:\/\/www.irenefeste.com\/index.php?rest_route=\/wp\/v2\/posts\/241\/revisions"}],"predecessor-version":[{"id":264,"href":"https:\/\/www.irenefeste.com\/index.php?rest_route=\/wp\/v2\/posts\/241\/revisions\/264"}],"wp:attachment":[{"href":"https:\/\/www.irenefeste.com\/index.php?rest_route=%2Fwp%2Fv2%2Fmedia&parent=241"}],"wp:term":[{"taxonomy":"category","embeddable":true,"href":"https:\/\/www.irenefeste.com\/index.php?rest_route=%2Fwp%2Fv2%2Fcategories&post=241"},{"taxonomy":"post_tag","embeddable":true,"href":"https:\/\/www.irenefeste.com\/index.php?rest_route=%2Fwp%2Fv2%2Ftags&post=241"}],"curies":[{"name":"wp","href":"https:\/\/api.w.org\/{rel}","templated":true}]}}