{"id":69,"date":"2013-08-05T10:05:04","date_gmt":"2013-08-05T09:05:04","guid":{"rendered":"http:\/\/www.irenefeste.com\/?p=69"},"modified":"2014-01-05T22:41:55","modified_gmt":"2014-01-05T21:41:55","slug":"danceries-en-fables-cie-fantaisies-baroques","status":"publish","type":"post","link":"https:\/\/www.irenefeste.com\/?p=69","title":{"rendered":"Danceries en Fables"},"content":{"rendered":"<p style=\"text-align: center;\"><img loading=\"lazy\" decoding=\"async\" class=\" wp-image-70 aligncenter\" alt=\"Programme La Fontaine-Richelieu 2013\" src=\"http:\/\/www.irenefeste.com\/wp-content\/uploads\/2013\/11\/Programme-La-Fontaine-Richelieu-2013.jpg\" width=\"1240\" height=\"1753\" srcset=\"https:\/\/www.irenefeste.com\/wp-content\/uploads\/2013\/11\/Programme-La-Fontaine-Richelieu-2013.jpg 1240w, https:\/\/www.irenefeste.com\/wp-content\/uploads\/2013\/11\/Programme-La-Fontaine-Richelieu-2013-212x300.jpg 212w, https:\/\/www.irenefeste.com\/wp-content\/uploads\/2013\/11\/Programme-La-Fontaine-Richelieu-2013-724x1024.jpg 724w, https:\/\/www.irenefeste.com\/wp-content\/uploads\/2013\/11\/Programme-La-Fontaine-Richelieu-2013-600x848.jpg 600w\" sizes=\"auto, (max-width: 1240px) 100vw, 1240px\" \/><\/p>\n<div>\n<div>\n<p style=\"text-align: center;\"><em><span style=\"font-size: 20px;\"><strong>Danceries en Fables,\u00a0<\/strong><\/span><\/em><em><span style=\"font-size: 20px;\"><strong>Variations autour des Fables de la Fontaine<\/strong><\/span><\/em><\/p>\n<p style=\"text-align: center;\">Spectacle de la Cie Fantaisies Baroques au Festival de Musique de Richelieu<\/p>\n<p style=\"text-align: center;\">Samedi 10 ao\u00fbt 2013,\u00a0Salle du Rond-Point \u00e0 18h30<\/p>\n<p style=\"text-align: center;\">Spectacle tout public, \u00e0 partir de 6 ans<\/p>\n<p style=\"text-align: center;\">Une fa\u00e7on ludique et festive de red\u00e9couvrir l\u2019univers po\u00e9tique du grand auteur des fables anthropomorphes. A partir d\u2019une mise en sc\u00e8ne adapt\u00e9e \u00e0 un jeune public, fluide et interactive, les artistes \u00e9gr\u00e8nent des fables de La Fontaine en danse et musique baroques, en y ajoutant des jeux burlesques et accessoires multiples (masques d\u2019animaux v\u00e9nitiens, costumes des XVII\u00e8me et XVIII\u00e8me si\u00e8cles&#8230;).<\/p>\n<p style=\"text-align: center;\">Danseurs-com\u00e9diens : Ir\u00e8ne Feste, Pierre-Fran\u00e7ois Doll\u00e9<\/p>\n<p style=\"text-align: center;\">Musiciens : Genevi\u00e8ve Koerver (violoncelle baroque), Patrick Oliva (violon)<\/p>\n<\/div>\n<div>\n<p style=\"text-align: center;\">Cie Fantaisies Baroques<\/p>\n<p style=\"text-align: center;\"><a title=\"Festival de Musique de Richelieu\" href=\"http:\/\/www.festivalmusiquerichelieu.fr\">www.festivalmusiquerichelieu.fr\u00a0<\/a><\/p>\n<\/div>\n<\/div>\n","protected":false},"excerpt":{"rendered":"<p>Danceries en Fables,\u00a0Variations autour des Fables de la Fontaine Spectacle de la Cie Fantaisies Baroques au Festival de Musique de Richelieu Samedi 10 ao\u00fbt 2013,\u00a0Salle du Rond-Point \u00e0 18h30 Spectacle tout public, \u00e0 partir de 6 ans Une fa\u00e7on ludique et festive de red\u00e9couvrir l\u2019univers po\u00e9tique du grand auteur des fables anthropomorphes. A partir d\u2019une &hellip; <a href=\"https:\/\/www.irenefeste.com\/?p=69\" class=\"more-link\">Continuer la lecture de <span class=\"screen-reader-text\">Danceries en Fables<\/span> <span class=\"meta-nav\">&rarr;<\/span><\/a><\/p>\n","protected":false},"author":1,"featured_media":0,"comment_status":"closed","ping_status":"open","sticky":false,"template":"","format":"standard","meta":{"footnotes":""},"categories":[6,2,4],"tags":[],"class_list":["post-69","post","type-post","status-publish","format-standard","hentry","category-cie-fantaisies-baroques","category-festivals","category-spectacles"],"_links":{"self":[{"href":"https:\/\/www.irenefeste.com\/index.php?rest_route=\/wp\/v2\/posts\/69","targetHints":{"allow":["GET"]}}],"collection":[{"href":"https:\/\/www.irenefeste.com\/index.php?rest_route=\/wp\/v2\/posts"}],"about":[{"href":"https:\/\/www.irenefeste.com\/index.php?rest_route=\/wp\/v2\/types\/post"}],"author":[{"embeddable":true,"href":"https:\/\/www.irenefeste.com\/index.php?rest_route=\/wp\/v2\/users\/1"}],"replies":[{"embeddable":true,"href":"https:\/\/www.irenefeste.com\/index.php?rest_route=%2Fwp%2Fv2%2Fcomments&post=69"}],"version-history":[{"count":14,"href":"https:\/\/www.irenefeste.com\/index.php?rest_route=\/wp\/v2\/posts\/69\/revisions"}],"predecessor-version":[{"id":267,"href":"https:\/\/www.irenefeste.com\/index.php?rest_route=\/wp\/v2\/posts\/69\/revisions\/267"}],"wp:attachment":[{"href":"https:\/\/www.irenefeste.com\/index.php?rest_route=%2Fwp%2Fv2%2Fmedia&parent=69"}],"wp:term":[{"taxonomy":"category","embeddable":true,"href":"https:\/\/www.irenefeste.com\/index.php?rest_route=%2Fwp%2Fv2%2Fcategories&post=69"},{"taxonomy":"post_tag","embeddable":true,"href":"https:\/\/www.irenefeste.com\/index.php?rest_route=%2Fwp%2Fv2%2Ftags&post=69"}],"curies":[{"name":"wp","href":"https:\/\/api.w.org\/{rel}","templated":true}]}}