{"id":729,"date":"2017-05-28T17:43:18","date_gmt":"2017-05-28T16:43:18","guid":{"rendered":"http:\/\/www.irenefeste.com\/?p=729"},"modified":"2017-06-22T17:50:47","modified_gmt":"2017-06-22T16:50:47","slug":"isse-pastorale-heroique-a-luneville","status":"publish","type":"post","link":"https:\/\/www.irenefeste.com\/?p=729","title":{"rendered":"Iss\u00e9-Pastorale h\u00e9ro\u00efque \u00e0 Lun\u00e9ville"},"content":{"rendered":"<p>Au th\u00e9\u00e2tre de la M\u00e9ridienne<\/p>\n<ul>\n<li>Vendredi\u00a02 juin 2017 \u00e0 20h<\/li>\n<li>Samedi\u00a03 juin 2017 \u00e0 20h<\/li>\n<li>Dimanche\u00a04 juin 2017 \u00e0 15h<\/li>\n<\/ul>\n<p>Pour tout public, r\u00e9servation conseill\u00e9e aupr\u00e8s de la Maison du Tourisme (03 83 74 06 55)<br \/>\nTarifs : r\u00e9duit 10\u20ac \/ plein 15\u20ac<\/p>\n<p><a href=\"http:\/\/www.delunevilleabaccarat.fr\/emilie_s.html\" target=\"_blank\" rel=\"noopener\">http:\/\/www.delunevilleabaccarat.fr\/emilie_s.html<\/a><\/p>\n<p>&nbsp;<\/p>\n","protected":false},"excerpt":{"rendered":"<p>Au th\u00e9\u00e2tre de la M\u00e9ridienne Vendredi\u00a02 juin 2017 \u00e0 20h Samedi\u00a03 juin 2017 \u00e0 20h Dimanche\u00a04 juin 2017 \u00e0 15h Pour tout public, r\u00e9servation conseill\u00e9e aupr\u00e8s de la Maison du Tourisme (03 83 74 06 55) Tarifs : r\u00e9duit 10\u20ac \/ plein 15\u20ac http:\/\/www.delunevilleabaccarat.fr\/emilie_s.html &nbsp;<\/p>\n","protected":false},"author":1,"featured_media":0,"comment_status":"closed","ping_status":"closed","sticky":false,"template":"","format":"standard","meta":{"footnotes":""},"categories":[4],"tags":[],"class_list":["post-729","post","type-post","status-publish","format-standard","hentry","category-spectacles"],"_links":{"self":[{"href":"https:\/\/www.irenefeste.com\/index.php?rest_route=\/wp\/v2\/posts\/729","targetHints":{"allow":["GET"]}}],"collection":[{"href":"https:\/\/www.irenefeste.com\/index.php?rest_route=\/wp\/v2\/posts"}],"about":[{"href":"https:\/\/www.irenefeste.com\/index.php?rest_route=\/wp\/v2\/types\/post"}],"author":[{"embeddable":true,"href":"https:\/\/www.irenefeste.com\/index.php?rest_route=\/wp\/v2\/users\/1"}],"replies":[{"embeddable":true,"href":"https:\/\/www.irenefeste.com\/index.php?rest_route=%2Fwp%2Fv2%2Fcomments&post=729"}],"version-history":[{"count":1,"href":"https:\/\/www.irenefeste.com\/index.php?rest_route=\/wp\/v2\/posts\/729\/revisions"}],"predecessor-version":[{"id":730,"href":"https:\/\/www.irenefeste.com\/index.php?rest_route=\/wp\/v2\/posts\/729\/revisions\/730"}],"wp:attachment":[{"href":"https:\/\/www.irenefeste.com\/index.php?rest_route=%2Fwp%2Fv2%2Fmedia&parent=729"}],"wp:term":[{"taxonomy":"category","embeddable":true,"href":"https:\/\/www.irenefeste.com\/index.php?rest_route=%2Fwp%2Fv2%2Fcategories&post=729"},{"taxonomy":"post_tag","embeddable":true,"href":"https:\/\/www.irenefeste.com\/index.php?rest_route=%2Fwp%2Fv2%2Ftags&post=729"}],"curies":[{"name":"wp","href":"https:\/\/api.w.org\/{rel}","templated":true}]}}