{"id":737,"date":"2017-01-16T18:06:44","date_gmt":"2017-01-16T17:06:44","guid":{"rendered":"http:\/\/www.irenefeste.com\/?p=737"},"modified":"2017-06-22T18:08:46","modified_gmt":"2017-06-22T17:08:46","slug":"stage-de-danse-baroques-a-montpellier","status":"publish","type":"post","link":"https:\/\/www.irenefeste.com\/?p=737","title":{"rendered":"Stage de Danse Baroques \u00e0 Montpellier"},"content":{"rendered":"<div class=\"layoutArea\">\n<div class=\"column\">\n<p>Samedi 21 janvier 2017,\u00a015h-16h30 et 17h-18h30<\/p>\n<p>Dimanche 22 janvier 2016,\u00a010h-12h et 13h30-15h30<\/p>\n<p>Ma\u00eetre \u00e0 danser : Ir\u00e8ne Feste<\/p>\n<\/div>\n<\/div>\n<div class=\"layoutArea\">\n<div class=\"column\">\n<p>Programme : <a href=\"http:\/\/gallica.bnf.fr\/ark:\/12148\/bpt6k859949w\/f17.image.r=IIe%20recueil%20de%20danse%20de%20bal\" target=\"_blank\" rel=\"noopener\">La Madalena\u00a0<\/a><\/p>\n<p>Il s\u2019agit d\u2019une danse de bal pour un homme et une femme, d\u00e9di\u00e9e \u00e0 son Altesse S\u00e9r\u00e9nissime le Duc de Mantoue, int\u00e9gr\u00e9e dans le II\u00e8me Recueil de danses de bal pour l\u2019ann\u00e9e 1704. La source musicale indique deux rigaudons qui s\u2019encha\u00eenent.<\/p>\n<p>Renseignements : <a href=\"http:\/\/www.musiciens-cythere.org\/media\/Stages%20baroques%202016-2017_recto_verso.pdf\" target=\"_blank\" rel=\"noopener\">Les Musiciens de Cyth\u00e8re\u00a0<\/a><\/p>\n<p>&nbsp;<\/p>\n<\/div>\n<\/div>\n","protected":false},"excerpt":{"rendered":"<p>Samedi 21 janvier 2017,\u00a015h-16h30 et 17h-18h30 Dimanche 22 janvier 2016,\u00a010h-12h et 13h30-15h30 Ma\u00eetre \u00e0 danser : Ir\u00e8ne Feste Programme : La Madalena\u00a0 Il s\u2019agit d\u2019une danse de bal pour un homme et une femme, d\u00e9di\u00e9e \u00e0 son Altesse S\u00e9r\u00e9nissime le Duc de Mantoue, int\u00e9gr\u00e9e dans le II\u00e8me Recueil de danses de bal pour l\u2019ann\u00e9e 1704. &hellip; <a href=\"https:\/\/www.irenefeste.com\/?p=737\" class=\"more-link\">Continuer la lecture de <span class=\"screen-reader-text\">Stage de Danse Baroques \u00e0 Montpellier<\/span> <span class=\"meta-nav\">&rarr;<\/span><\/a><\/p>\n","protected":false},"author":1,"featured_media":0,"comment_status":"closed","ping_status":"closed","sticky":false,"template":"","format":"standard","meta":{"footnotes":""},"categories":[3],"tags":[],"class_list":["post-737","post","type-post","status-publish","format-standard","hentry","category-cours-et-stages-de-danse"],"_links":{"self":[{"href":"https:\/\/www.irenefeste.com\/index.php?rest_route=\/wp\/v2\/posts\/737","targetHints":{"allow":["GET"]}}],"collection":[{"href":"https:\/\/www.irenefeste.com\/index.php?rest_route=\/wp\/v2\/posts"}],"about":[{"href":"https:\/\/www.irenefeste.com\/index.php?rest_route=\/wp\/v2\/types\/post"}],"author":[{"embeddable":true,"href":"https:\/\/www.irenefeste.com\/index.php?rest_route=\/wp\/v2\/users\/1"}],"replies":[{"embeddable":true,"href":"https:\/\/www.irenefeste.com\/index.php?rest_route=%2Fwp%2Fv2%2Fcomments&post=737"}],"version-history":[{"count":2,"href":"https:\/\/www.irenefeste.com\/index.php?rest_route=\/wp\/v2\/posts\/737\/revisions"}],"predecessor-version":[{"id":740,"href":"https:\/\/www.irenefeste.com\/index.php?rest_route=\/wp\/v2\/posts\/737\/revisions\/740"}],"wp:attachment":[{"href":"https:\/\/www.irenefeste.com\/index.php?rest_route=%2Fwp%2Fv2%2Fmedia&parent=737"}],"wp:term":[{"taxonomy":"category","embeddable":true,"href":"https:\/\/www.irenefeste.com\/index.php?rest_route=%2Fwp%2Fv2%2Fcategories&post=737"},{"taxonomy":"post_tag","embeddable":true,"href":"https:\/\/www.irenefeste.com\/index.php?rest_route=%2Fwp%2Fv2%2Ftags&post=737"}],"curies":[{"name":"wp","href":"https:\/\/api.w.org\/{rel}","templated":true}]}}