{"id":831,"date":"2019-04-24T18:12:28","date_gmt":"2019-04-24T17:12:28","guid":{"rendered":"http:\/\/www.irenefeste.com\/?p=831"},"modified":"2019-04-24T18:12:45","modified_gmt":"2019-04-24T17:12:45","slug":"danse-historique-5e-stage-dete-period-dances-5th-summer-school","status":"publish","type":"post","link":"https:\/\/www.irenefeste.com\/?p=831","title":{"rendered":"Danse historique 5e Stage d&rsquo;\u00e9t\u00e9 \/ Period Dances 5th Summer School"},"content":{"rendered":"\n<p style=\"text-align:left\">Les compagnies\u00a0Chestnut et\u00a0Fantaisies Baroques (Ir\u00e8ne Feste) organisent leur 5\u00e8me stage r\u00e9sidentiel d\u2019\u00e9t\u00e9 dans le Parc Naturel Normandie-Maine.<\/p>\n\n\n\n<p><strong>du lundi 29 juillet au samedi 3 ao\u00fbt 2019<\/strong><\/p>\n\n\n\n<p>\u2022&nbsp;Danser en Europe&nbsp;(XVI\u00e8me et XVII\u00e8me si\u00e8cles, France,&nbsp;Italie, Angleterre) &nbsp;<\/p>\n\n\n\n<p>\u2022&nbsp;Danse baroque&nbsp;<\/p>\n\n\n\n<p>\u2022&nbsp;Danse&nbsp;Jane Austen &#8211; Regency<\/p>\n\n\n\n<p>\u2022&nbsp;<strong>Danses 1er Empire-Restauration<\/strong><\/p>\n\n\n\n<p><strong>LIEU :&nbsp;<\/strong>centre de r\u00e9sidence artistique,&nbsp;<strong>Le Tapis Vert<\/strong>, blotti dans un vaste domaine situ\u00e9 dans le&nbsp;parc&nbsp;&nbsp;Normandie-Maine, propose dans un seul lieu plusieurs possibilit\u00e9s d\u2019h\u00e9bergement. Sur place \u00e9galement, deux superbes salles d\u2019activit\u00e9 et un chapiteau contribuent \u00e0 offrir un environnement de qualit\u00e9 aux stagiaires.&nbsp;<\/p>\n\n\n\n<p><strong>Tous les d\u00e9tails, tarifs et bulletins d&rsquo;i<\/strong><strong>nscription sont&nbsp;<a href=\"http:\/\/tracking.chestnut.fr\/tracking\/click?d=I069gtkqOLDcEGYvGtR7odcB3lkDwLr1n4Y7V4-QChEc985CDB70BTfPd8UkaI7lvJOHV6Zz7Re8xZDtZKTHS-fHt_WRRD9xVffwoUwfKILSBYTwJC3-tSQ5l3x6uoRxwj-gE7wuWwu3QPjNCHHSi4GbuasiFa5vMvxCuLHEmrclqjJ2WRHxIgQg4LCqLjsMCqcG3-hUW0A_itcl3eE7L-ngTZZcdUzavRo9GUcwmiA7IfQ4oocn3tPLPPtgPbvtrjE-L2NaZ1pZG-6H-sg3TF4ZXFzeZSzN02tX_b2sRfCEdJYYdjraddNoqYJok6Hi4wxv-H21sPMSFMHB3-3PqzXvGXSdbskGQhDDvnFTV5DC0\">ici<\/a>.<\/strong><\/p>\n\n\n\n<p>A bient\u00f4t pour de belles danses !<\/p>\n\n\n\n<p><strong>Chestnut&nbsp;<\/strong>and&nbsp;<strong>Fantaisies Baroques&nbsp;<\/strong>welcome you&nbsp;to their fifth&nbsp;<strong>summer school of period dances<\/strong>&nbsp;in Normandy<\/p>\n\n\n\n<p><strong>from July 29 to August 3, 2019<\/strong><\/p>\n\n\n\n<p>\u2022&nbsp;Dancing in Europe during the end of the 16th and the beginning of the 17th centuries (Italian, French and English tradition)<\/p>\n\n\n\n<p>\u2022&nbsp;Baroque dances<\/p>\n\n\n\n<p>\u2022&nbsp;Jane Austen &amp; Regency dances<\/p>\n\n\n\n<p>\u2022&nbsp;French 1rst Empire &#8211; Restauration dances<\/p>\n\n\n\n<p><strong>VENUE : le Tapis Vert<\/strong>, a residence for artists nestling in a large estate in the Normandie-Maine park, offers several accommodation possibilities on site, from boarding-house to rented rooms and camping. Also on site, two superb halls for activities and a circus tent make for a high quality environment.<\/p>\n\n\n\n<p><strong>All the details, rates and registration form are&nbsp;<a href=\"http:\/\/tracking.chestnut.fr\/tracking\/click?d=q3fcqSshudLGbKWVHZtclRrIwyy2xfEIUeudvTPMswXO42qLZexRsAeTSFToJ44TVduB9vGHlb160qeIddKibB1JZTdHHMrfuwu_6L2ywFoXA0JnM3cTfnb7qamo8RZVxa6ZXb6zYa9yMF1v06EvSAAihVgNS6BsikrTq6ndeqL3XflOSqZ-1nh9oV4wCHgwzahP9EkPKAFCiYGKEumvepiB_mC4GPdwLlUiebi9zoD2KwFVbDDYfinUpQlDJh10vcW5F1d-F597EPG9DiLC2s-ntBMKR3Z9LDZIYTVaAiACyuRk5fWsNshiwoQCpIp2Bmfg9U9MKzRKJwuWAyuLEQhuvODdsEmBh4pT76k8N9Tz0\">here<\/a><\/strong><\/p>\n\n\n\n<p>See you soon for nice dances!<\/p>\n","protected":false},"excerpt":{"rendered":"<p>Les compagnies\u00a0Chestnut et\u00a0Fantaisies Baroques (Ir\u00e8ne Feste) organisent leur 5\u00e8me stage r\u00e9sidentiel d\u2019\u00e9t\u00e9 dans le Parc Naturel Normandie-Maine. du lundi 29 juillet au samedi 3 ao\u00fbt 2019 \u2022&nbsp;Danser en Europe&nbsp;(XVI\u00e8me et XVII\u00e8me si\u00e8cles, France,&nbsp;Italie, Angleterre) &nbsp; \u2022&nbsp;Danse baroque&nbsp; \u2022&nbsp;Danse&nbsp;Jane Austen &#8211; Regency \u2022&nbsp;Danses 1er Empire-Restauration LIEU :&nbsp;centre de r\u00e9sidence artistique,&nbsp;Le Tapis Vert, blotti dans un vaste &hellip; <a href=\"https:\/\/www.irenefeste.com\/?p=831\" class=\"more-link\">Continuer la lecture de <span class=\"screen-reader-text\">Danse historique 5e Stage d&rsquo;\u00e9t\u00e9 \/ Period Dances 5th Summer School<\/span> <span class=\"meta-nav\">&rarr;<\/span><\/a><\/p>\n","protected":false},"author":1,"featured_media":0,"comment_status":"closed","ping_status":"open","sticky":false,"template":"","format":"standard","meta":{"footnotes":""},"categories":[6,3],"tags":[],"class_list":["post-831","post","type-post","status-publish","format-standard","hentry","category-cie-fantaisies-baroques","category-cours-et-stages-de-danse"],"_links":{"self":[{"href":"https:\/\/www.irenefeste.com\/index.php?rest_route=\/wp\/v2\/posts\/831","targetHints":{"allow":["GET"]}}],"collection":[{"href":"https:\/\/www.irenefeste.com\/index.php?rest_route=\/wp\/v2\/posts"}],"about":[{"href":"https:\/\/www.irenefeste.com\/index.php?rest_route=\/wp\/v2\/types\/post"}],"author":[{"embeddable":true,"href":"https:\/\/www.irenefeste.com\/index.php?rest_route=\/wp\/v2\/users\/1"}],"replies":[{"embeddable":true,"href":"https:\/\/www.irenefeste.com\/index.php?rest_route=%2Fwp%2Fv2%2Fcomments&post=831"}],"version-history":[{"count":1,"href":"https:\/\/www.irenefeste.com\/index.php?rest_route=\/wp\/v2\/posts\/831\/revisions"}],"predecessor-version":[{"id":832,"href":"https:\/\/www.irenefeste.com\/index.php?rest_route=\/wp\/v2\/posts\/831\/revisions\/832"}],"wp:attachment":[{"href":"https:\/\/www.irenefeste.com\/index.php?rest_route=%2Fwp%2Fv2%2Fmedia&parent=831"}],"wp:term":[{"taxonomy":"category","embeddable":true,"href":"https:\/\/www.irenefeste.com\/index.php?rest_route=%2Fwp%2Fv2%2Fcategories&post=831"},{"taxonomy":"post_tag","embeddable":true,"href":"https:\/\/www.irenefeste.com\/index.php?rest_route=%2Fwp%2Fv2%2Ftags&post=831"}],"curies":[{"name":"wp","href":"https:\/\/api.w.org\/{rel}","templated":true}]}}