{"id":833,"date":"2019-04-24T18:20:53","date_gmt":"2019-04-24T17:20:53","guid":{"rendered":"http:\/\/www.irenefeste.com\/?p=833"},"modified":"2019-04-24T18:21:10","modified_gmt":"2019-04-24T17:21:10","slug":"ballet-de-neuf-danseurs","status":"publish","type":"post","link":"https:\/\/www.irenefeste.com\/?p=833","title":{"rendered":"Ballet de neuf danseurs"},"content":{"rendered":"\n<p>Projet&nbsp;<strong>Danse en Amateur et R\u00e9pertoire<\/strong>&#8211; Centre National de la Danse&nbsp;<a href=\"https:\/\/www.cnd.fr\/fr\/program\/1178-danse-en-amateur-et-repertoire\">https:\/\/www.cnd.fr\/fr\/program\/1178-danse-en-amateur-et-repertoire<\/a><\/p>\n\n\n\n<p>Samedi 25 mai 2019 au CND \u00e0 Pantin<\/p>\n\n\n\n<p>Compos\u00e9 sur une musique de Jean-Baptiste Lully, le\u00a0<em>Balet de neuf danseurs\u00a0<\/em>est parvenu jusqu&rsquo;\u00e0 nous parce qu&rsquo;il a \u00e9t\u00e9 not\u00e9 et imprim\u00e9 \u00e0 l&rsquo;aube du XVIIIe si\u00e8cle. <strong>Ir\u00e8ne Feste<\/strong> et Pierre-Fran\u00e7ois Doll\u00e9 se sont attach\u00e9s \u00e0 le reconstituer pour le pr\u00e9senter au public 1\u00a0319 ans apr\u00e8s avoir \u00e9t\u00e9 port\u00e9 sur le papier par son cr\u00e9ateur, Raoul Auger Feuillet.<\/p>\n\n\n\n<figure class=\"wp-block-image\"><img loading=\"lazy\" decoding=\"async\" width=\"718\" height=\"1024\" src=\"http:\/\/www.irenefeste.com\/wp-content\/uploads\/2019\/04\/Com-Ballet-de-9-1-718x1024.jpg\" alt=\"\" class=\"wp-image-834\" srcset=\"https:\/\/www.irenefeste.com\/wp-content\/uploads\/2019\/04\/Com-Ballet-de-9-1-718x1024.jpg 718w, https:\/\/www.irenefeste.com\/wp-content\/uploads\/2019\/04\/Com-Ballet-de-9-1-210x300.jpg 210w, https:\/\/www.irenefeste.com\/wp-content\/uploads\/2019\/04\/Com-Ballet-de-9-1-768x1095.jpg 768w, https:\/\/www.irenefeste.com\/wp-content\/uploads\/2019\/04\/Com-Ballet-de-9-1-600x855.jpg 600w\" sizes=\"auto, (max-width: 718px) 100vw, 718px\" \/><\/figure>\n","protected":false},"excerpt":{"rendered":"<p>Projet&nbsp;Danse en Amateur et R\u00e9pertoire&#8211; Centre National de la Danse&nbsp;https:\/\/www.cnd.fr\/fr\/program\/1178-danse-en-amateur-et-repertoire Samedi 25 mai 2019 au CND \u00e0 Pantin Compos\u00e9 sur une musique de Jean-Baptiste Lully, le\u00a0Balet de neuf danseurs\u00a0est parvenu jusqu&rsquo;\u00e0 nous parce qu&rsquo;il a \u00e9t\u00e9 not\u00e9 et imprim\u00e9 \u00e0 l&rsquo;aube du XVIIIe si\u00e8cle. Ir\u00e8ne Feste et Pierre-Fran\u00e7ois Doll\u00e9 se sont attach\u00e9s \u00e0 le reconstituer &hellip; <a href=\"https:\/\/www.irenefeste.com\/?p=833\" class=\"more-link\">Continuer la lecture de <span class=\"screen-reader-text\">Ballet de neuf danseurs<\/span> <span class=\"meta-nav\">&rarr;<\/span><\/a><\/p>\n","protected":false},"author":1,"featured_media":0,"comment_status":"closed","ping_status":"open","sticky":false,"template":"","format":"standard","meta":{"footnotes":""},"categories":[5,13],"tags":[],"class_list":["post-833","post","type-post","status-publish","format-standard","hentry","category-choregraphies","category-recherches-en-danse"],"_links":{"self":[{"href":"https:\/\/www.irenefeste.com\/index.php?rest_route=\/wp\/v2\/posts\/833","targetHints":{"allow":["GET"]}}],"collection":[{"href":"https:\/\/www.irenefeste.com\/index.php?rest_route=\/wp\/v2\/posts"}],"about":[{"href":"https:\/\/www.irenefeste.com\/index.php?rest_route=\/wp\/v2\/types\/post"}],"author":[{"embeddable":true,"href":"https:\/\/www.irenefeste.com\/index.php?rest_route=\/wp\/v2\/users\/1"}],"replies":[{"embeddable":true,"href":"https:\/\/www.irenefeste.com\/index.php?rest_route=%2Fwp%2Fv2%2Fcomments&post=833"}],"version-history":[{"count":1,"href":"https:\/\/www.irenefeste.com\/index.php?rest_route=\/wp\/v2\/posts\/833\/revisions"}],"predecessor-version":[{"id":835,"href":"https:\/\/www.irenefeste.com\/index.php?rest_route=\/wp\/v2\/posts\/833\/revisions\/835"}],"wp:attachment":[{"href":"https:\/\/www.irenefeste.com\/index.php?rest_route=%2Fwp%2Fv2%2Fmedia&parent=833"}],"wp:term":[{"taxonomy":"category","embeddable":true,"href":"https:\/\/www.irenefeste.com\/index.php?rest_route=%2Fwp%2Fv2%2Fcategories&post=833"},{"taxonomy":"post_tag","embeddable":true,"href":"https:\/\/www.irenefeste.com\/index.php?rest_route=%2Fwp%2Fv2%2Ftags&post=833"}],"curies":[{"name":"wp","href":"https:\/\/api.w.org\/{rel}","templated":true}]}}