{"id":839,"date":"2019-01-10T18:44:24","date_gmt":"2019-01-10T17:44:24","guid":{"rendered":"http:\/\/www.irenefeste.com\/?p=839"},"modified":"2019-04-24T18:52:38","modified_gmt":"2019-04-24T17:52:38","slug":"venus-et-adonis-stage-choregraphique","status":"publish","type":"post","link":"https:\/\/www.irenefeste.com\/?p=839","title":{"rendered":"V\u00e9nus et Adonis &#8211; Stage chor\u00e9graphique"},"content":{"rendered":"\n<p>Dans le cadre de la cr\u00e9ation de <strong><em>V\u00e9nus et Adonis<\/em><\/strong><em>,<\/em> de John Blow, par les professeurs et \u00e9l\u00e8ves des \u00e9coles de Musique et de Danse du Chesnay, Ir\u00e8ne Feste (Cie Fantaisies Baroques) dispensera un stage d&rsquo;initiation \u00e0 la danse baroque et un stage chor\u00e9graphique pour l&rsquo;apprentissage des chor\u00e9graphies du spectacle.<\/p>\n\n\n\n<p>19-20 janvier de 16h \u00e0 18h : initiation \u00e0 la danse baroque<\/p>\n\n\n\n<p>23-24 f\u00e9vrier de 16h \u00e0 18h \/ 25-26 f\u00e9vrier de 19h \u00e0 21h\u00a0 : Apprentissage des\u00a0danses de l\u2019op\u00e9ra<strong>\u00a0<\/strong><em>V<\/em><\/p>\n\n\n\n<p>Renseignements\u00a0: 06.88.91.49.13<br>Inscriptions\u00a0: Ecole de Musique du Chesnay, 7 avenue Dutartre,<\/p>\n\n\n\n<p><a href=\"http:\/\/ecoledanselechesnay.org\/documents-a-telecharger\/tract%20stage%20danse%20baroque.pdf\">http:\/\/ecoledanselechesnay.org\/documents-a-telecharger\/tract%20stage%20danse%20baroque.pdf<\/a><\/p>\n","protected":false},"excerpt":{"rendered":"<p>Dans le cadre de la cr\u00e9ation de V\u00e9nus et Adonis, de John Blow, par les professeurs et \u00e9l\u00e8ves des \u00e9coles de Musique et de Danse du Chesnay, Ir\u00e8ne Feste (Cie Fantaisies Baroques) dispensera un stage d&rsquo;initiation \u00e0 la danse baroque et un stage chor\u00e9graphique pour l&rsquo;apprentissage des chor\u00e9graphies du spectacle. 19-20 janvier de 16h \u00e0 &hellip; <a href=\"https:\/\/www.irenefeste.com\/?p=839\" class=\"more-link\">Continuer la lecture de <span class=\"screen-reader-text\">V\u00e9nus et Adonis &#8211; Stage chor\u00e9graphique<\/span> <span class=\"meta-nav\">&rarr;<\/span><\/a><\/p>\n","protected":false},"author":1,"featured_media":0,"comment_status":"closed","ping_status":"open","sticky":false,"template":"","format":"standard","meta":{"footnotes":""},"categories":[5,4],"tags":[],"class_list":["post-839","post","type-post","status-publish","format-standard","hentry","category-choregraphies","category-spectacles"],"_links":{"self":[{"href":"https:\/\/www.irenefeste.com\/index.php?rest_route=\/wp\/v2\/posts\/839","targetHints":{"allow":["GET"]}}],"collection":[{"href":"https:\/\/www.irenefeste.com\/index.php?rest_route=\/wp\/v2\/posts"}],"about":[{"href":"https:\/\/www.irenefeste.com\/index.php?rest_route=\/wp\/v2\/types\/post"}],"author":[{"embeddable":true,"href":"https:\/\/www.irenefeste.com\/index.php?rest_route=\/wp\/v2\/users\/1"}],"replies":[{"embeddable":true,"href":"https:\/\/www.irenefeste.com\/index.php?rest_route=%2Fwp%2Fv2%2Fcomments&post=839"}],"version-history":[{"count":3,"href":"https:\/\/www.irenefeste.com\/index.php?rest_route=\/wp\/v2\/posts\/839\/revisions"}],"predecessor-version":[{"id":842,"href":"https:\/\/www.irenefeste.com\/index.php?rest_route=\/wp\/v2\/posts\/839\/revisions\/842"}],"wp:attachment":[{"href":"https:\/\/www.irenefeste.com\/index.php?rest_route=%2Fwp%2Fv2%2Fmedia&parent=839"}],"wp:term":[{"taxonomy":"category","embeddable":true,"href":"https:\/\/www.irenefeste.com\/index.php?rest_route=%2Fwp%2Fv2%2Fcategories&post=839"},{"taxonomy":"post_tag","embeddable":true,"href":"https:\/\/www.irenefeste.com\/index.php?rest_route=%2Fwp%2Fv2%2Ftags&post=839"}],"curies":[{"name":"wp","href":"https:\/\/api.w.org\/{rel}","templated":true}]}}