{"id":848,"date":"2019-04-01T19:13:51","date_gmt":"2019-04-01T18:13:51","guid":{"rendered":"http:\/\/www.irenefeste.com\/?p=848"},"modified":"2019-04-24T19:15:07","modified_gmt":"2019-04-24T18:15:07","slug":"la-danse-toute-une-histoire","status":"publish","type":"post","link":"https:\/\/www.irenefeste.com\/?p=848","title":{"rendered":"La Danse&#8230; toute une histoire !"},"content":{"rendered":"\n<p>Conf\u00e9rence anim\u00e9e par <strong>Ir\u00e8ne Feste<\/strong> et Pierre-Fran\u00e7ois Doll\u00e9, dans le cadre du cours de Licence 3 en histoire de l&rsquo;art, \u00e0 l&rsquo;Universit\u00e9 de Nanterre\u00a0<\/p>\n\n\n\n<p>Vendredi 12 avril 2019 \u00e0 17h<\/p>\n\n\n\n<figure class=\"wp-block-image\"><img loading=\"lazy\" decoding=\"async\" width=\"702\" height=\"1024\" src=\"http:\/\/www.irenefeste.com\/wp-content\/uploads\/2019\/04\/La-Pavane-des-Saisons-702x1024.jpg\" alt=\"\" class=\"wp-image-850\" srcset=\"https:\/\/www.irenefeste.com\/wp-content\/uploads\/2019\/04\/La-Pavane-des-Saisons-702x1024.jpg 702w, https:\/\/www.irenefeste.com\/wp-content\/uploads\/2019\/04\/La-Pavane-des-Saisons-206x300.jpg 206w, https:\/\/www.irenefeste.com\/wp-content\/uploads\/2019\/04\/La-Pavane-des-Saisons-768x1120.jpg 768w, https:\/\/www.irenefeste.com\/wp-content\/uploads\/2019\/04\/La-Pavane-des-Saisons-600x875.jpg 600w, https:\/\/www.irenefeste.com\/wp-content\/uploads\/2019\/04\/La-Pavane-des-Saisons.jpg 1964w\" sizes=\"auto, (max-width: 702px) 100vw, 702px\" \/><\/figure>\n","protected":false},"excerpt":{"rendered":"<p>Conf\u00e9rence anim\u00e9e par Ir\u00e8ne Feste et Pierre-Fran\u00e7ois Doll\u00e9, dans le cadre du cours de Licence 3 en histoire de l&rsquo;art, \u00e0 l&rsquo;Universit\u00e9 de Nanterre\u00a0 Vendredi 12 avril 2019 \u00e0 17h<\/p>\n","protected":false},"author":1,"featured_media":0,"comment_status":"closed","ping_status":"open","sticky":false,"template":"","format":"standard","meta":{"footnotes":""},"categories":[14],"tags":[],"class_list":["post-848","post","type-post","status-publish","format-standard","hentry","category-conferences"],"_links":{"self":[{"href":"https:\/\/www.irenefeste.com\/index.php?rest_route=\/wp\/v2\/posts\/848","targetHints":{"allow":["GET"]}}],"collection":[{"href":"https:\/\/www.irenefeste.com\/index.php?rest_route=\/wp\/v2\/posts"}],"about":[{"href":"https:\/\/www.irenefeste.com\/index.php?rest_route=\/wp\/v2\/types\/post"}],"author":[{"embeddable":true,"href":"https:\/\/www.irenefeste.com\/index.php?rest_route=\/wp\/v2\/users\/1"}],"replies":[{"embeddable":true,"href":"https:\/\/www.irenefeste.com\/index.php?rest_route=%2Fwp%2Fv2%2Fcomments&post=848"}],"version-history":[{"count":2,"href":"https:\/\/www.irenefeste.com\/index.php?rest_route=\/wp\/v2\/posts\/848\/revisions"}],"predecessor-version":[{"id":851,"href":"https:\/\/www.irenefeste.com\/index.php?rest_route=\/wp\/v2\/posts\/848\/revisions\/851"}],"wp:attachment":[{"href":"https:\/\/www.irenefeste.com\/index.php?rest_route=%2Fwp%2Fv2%2Fmedia&parent=848"}],"wp:term":[{"taxonomy":"category","embeddable":true,"href":"https:\/\/www.irenefeste.com\/index.php?rest_route=%2Fwp%2Fv2%2Fcategories&post=848"},{"taxonomy":"post_tag","embeddable":true,"href":"https:\/\/www.irenefeste.com\/index.php?rest_route=%2Fwp%2Fv2%2Ftags&post=848"}],"curies":[{"name":"wp","href":"https:\/\/api.w.org\/{rel}","templated":true}]}}