{"id":852,"date":"2019-04-24T19:56:59","date_gmt":"2019-04-24T18:56:59","guid":{"rendered":"http:\/\/www.irenefeste.com\/?p=852"},"modified":"2019-04-24T19:57:01","modified_gmt":"2019-04-24T18:57:01","slug":"les-metamorphoses-du-chat-botte","status":"publish","type":"post","link":"https:\/\/www.irenefeste.com\/?p=852","title":{"rendered":"Les M\u00e9tamorphoses du Chat Bott\u00e9"},"content":{"rendered":"\n<p>Samedi 20 janvier 2019 Cr\u00e9ation \u00e0 Bialystok (Pologne)<\/p>\n\n\n\n<p>Samedi 27 janvier 2019 Dans le cadre du Festival Cracovia Danza (Pologne)<\/p>\n\n\n\n<p>D&rsquo;apr\u00e8s le conte de Charles Perrault, sur les Ballets de Village et S\u00e9r\u00e9nade de Joseph Bodin de Boismortier<\/p>\n\n\n\n<p>Chor\u00e9graphes : Ir\u00e8ne Feste et Pierre-Fran\u00e7ois Doll\u00e9<\/p>\n\n\n\n<p>Mise en sc\u00e8ne : Romana Agnel<\/p>\n\n\n\n<p>Direction musicale : Anna Urszula Kucharska<\/p>\n\n\n\n<p>Interpr\u00e8tes Ir\u00e8ne Feste, Pierre-Fran\u00e7ois Doll\u00e9 et les danseurs de la compagnie Cracovia Danza<\/p>\n\n\n\n<figure class=\"wp-block-embed\"><div class=\"wp-block-embed__wrapper\">\n<blockquote class=\"wp-embedded-content\" data-secret=\"KaUHzllu7Q\"><a href=\"https:\/\/cracoviadanza.pl\/festiwal-en\/program\">Program<\/a><\/blockquote><iframe loading=\"lazy\" class=\"wp-embedded-content\" sandbox=\"allow-scripts\" security=\"restricted\" style=\"position: absolute; visibility: hidden;\" title=\"&#8222;Program&#8221; &#8212; cracoviadanza.pl\" src=\"https:\/\/cracoviadanza.pl\/festiwal-en\/program\/embed#?secret=KaUHzllu7Q\" data-secret=\"KaUHzllu7Q\" width=\"600\" height=\"338\" frameborder=\"0\" marginwidth=\"0\" marginheight=\"0\" scrolling=\"no\"><\/iframe>\n<\/div><\/figure>\n","protected":false},"excerpt":{"rendered":"<p>Samedi 20 janvier 2019 Cr\u00e9ation \u00e0 Bialystok (Pologne) Samedi 27 janvier 2019 Dans le cadre du Festival Cracovia Danza (Pologne) D&rsquo;apr\u00e8s le conte de Charles Perrault, sur les Ballets de Village et S\u00e9r\u00e9nade de Joseph Bodin de Boismortier Chor\u00e9graphes : Ir\u00e8ne Feste et Pierre-Fran\u00e7ois Doll\u00e9 Mise en sc\u00e8ne : Romana Agnel Direction musicale : Anna &hellip; <a href=\"https:\/\/www.irenefeste.com\/?p=852\" class=\"more-link\">Continuer la lecture de <span class=\"screen-reader-text\">Les M\u00e9tamorphoses du Chat Bott\u00e9<\/span> <span class=\"meta-nav\">&rarr;<\/span><\/a><\/p>\n","protected":false},"author":1,"featured_media":0,"comment_status":"closed","ping_status":"open","sticky":false,"template":"","format":"standard","meta":{"footnotes":""},"categories":[5,6,2,4],"tags":[],"class_list":["post-852","post","type-post","status-publish","format-standard","hentry","category-choregraphies","category-cie-fantaisies-baroques","category-festivals","category-spectacles"],"_links":{"self":[{"href":"https:\/\/www.irenefeste.com\/index.php?rest_route=\/wp\/v2\/posts\/852","targetHints":{"allow":["GET"]}}],"collection":[{"href":"https:\/\/www.irenefeste.com\/index.php?rest_route=\/wp\/v2\/posts"}],"about":[{"href":"https:\/\/www.irenefeste.com\/index.php?rest_route=\/wp\/v2\/types\/post"}],"author":[{"embeddable":true,"href":"https:\/\/www.irenefeste.com\/index.php?rest_route=\/wp\/v2\/users\/1"}],"replies":[{"embeddable":true,"href":"https:\/\/www.irenefeste.com\/index.php?rest_route=%2Fwp%2Fv2%2Fcomments&post=852"}],"version-history":[{"count":2,"href":"https:\/\/www.irenefeste.com\/index.php?rest_route=\/wp\/v2\/posts\/852\/revisions"}],"predecessor-version":[{"id":881,"href":"https:\/\/www.irenefeste.com\/index.php?rest_route=\/wp\/v2\/posts\/852\/revisions\/881"}],"wp:attachment":[{"href":"https:\/\/www.irenefeste.com\/index.php?rest_route=%2Fwp%2Fv2%2Fmedia&parent=852"}],"wp:term":[{"taxonomy":"category","embeddable":true,"href":"https:\/\/www.irenefeste.com\/index.php?rest_route=%2Fwp%2Fv2%2Fcategories&post=852"},{"taxonomy":"post_tag","embeddable":true,"href":"https:\/\/www.irenefeste.com\/index.php?rest_route=%2Fwp%2Fv2%2Ftags&post=852"}],"curies":[{"name":"wp","href":"https:\/\/api.w.org\/{rel}","templated":true}]}}