{"id":894,"date":"2020-03-05T10:30:27","date_gmt":"2020-03-05T09:30:27","guid":{"rendered":"http:\/\/www.irenefeste.com\/?p=894"},"modified":"2020-06-21T13:54:10","modified_gmt":"2020-06-21T12:54:10","slug":"carnaval-baroque","status":"publish","type":"post","link":"https:\/\/www.irenefeste.com\/?p=894","title":{"rendered":"Carnaval Baroque"},"content":{"rendered":"\n<p>Projet autour de la musique et de la danse baroque avec les \u00e9l\u00e8ves et professeurs du conservatoire Maurice Ravel, de la ville du Perreux<\/p>\n\n\n\n<p>Chor\u00e9graphies : Ir\u00e8ne Feste et Pierre-Fran\u00e7ois Doll\u00e9 (Cie Fantaisies Baroques)<\/p>\n\n\n\n<p>Musiques d\u2019Andr\u00e9 Campra et de Marin Marais<\/p>\n\n\n\n<p>Repr\u00e9sentation le Mercredi 1er avril 2020, \u00e0 19h, au Petit Th\u00e9\u00e2tre\u00a02 rue de la prairie\u00a094170 Le Perreux sur Marne<\/p>\n\n\n\n<p class=\"has-text-align-center\"><strong><span class=\"has-inline-color has-red-color\">ANNULE pour cause de COVID-19<\/span><\/strong><\/p>\n","protected":false},"excerpt":{"rendered":"<p>Projet autour de la musique et de la danse baroque avec les \u00e9l\u00e8ves et professeurs du conservatoire Maurice Ravel, de la ville du Perreux Chor\u00e9graphies : Ir\u00e8ne Feste et Pierre-Fran\u00e7ois Doll\u00e9 (Cie Fantaisies Baroques) Musiques d\u2019Andr\u00e9 Campra et de Marin Marais Repr\u00e9sentation le Mercredi 1er avril 2020, \u00e0 19h, au Petit Th\u00e9\u00e2tre\u00a02 rue de la &hellip; <a href=\"https:\/\/www.irenefeste.com\/?p=894\" class=\"more-link\">Continuer la lecture de <span class=\"screen-reader-text\">Carnaval Baroque<\/span> <span class=\"meta-nav\">&rarr;<\/span><\/a><\/p>\n","protected":false},"author":1,"featured_media":0,"comment_status":"closed","ping_status":"open","sticky":false,"template":"","format":"standard","meta":{"footnotes":""},"categories":[5,6,11],"tags":[],"class_list":["post-894","post","type-post","status-publish","format-standard","hentry","category-choregraphies","category-cie-fantaisies-baroques","category-projets-dactions-culturelles"],"_links":{"self":[{"href":"https:\/\/www.irenefeste.com\/index.php?rest_route=\/wp\/v2\/posts\/894","targetHints":{"allow":["GET"]}}],"collection":[{"href":"https:\/\/www.irenefeste.com\/index.php?rest_route=\/wp\/v2\/posts"}],"about":[{"href":"https:\/\/www.irenefeste.com\/index.php?rest_route=\/wp\/v2\/types\/post"}],"author":[{"embeddable":true,"href":"https:\/\/www.irenefeste.com\/index.php?rest_route=\/wp\/v2\/users\/1"}],"replies":[{"embeddable":true,"href":"https:\/\/www.irenefeste.com\/index.php?rest_route=%2Fwp%2Fv2%2Fcomments&post=894"}],"version-history":[{"count":3,"href":"https:\/\/www.irenefeste.com\/index.php?rest_route=\/wp\/v2\/posts\/894\/revisions"}],"predecessor-version":[{"id":946,"href":"https:\/\/www.irenefeste.com\/index.php?rest_route=\/wp\/v2\/posts\/894\/revisions\/946"}],"wp:attachment":[{"href":"https:\/\/www.irenefeste.com\/index.php?rest_route=%2Fwp%2Fv2%2Fmedia&parent=894"}],"wp:term":[{"taxonomy":"category","embeddable":true,"href":"https:\/\/www.irenefeste.com\/index.php?rest_route=%2Fwp%2Fv2%2Fcategories&post=894"},{"taxonomy":"post_tag","embeddable":true,"href":"https:\/\/www.irenefeste.com\/index.php?rest_route=%2Fwp%2Fv2%2Ftags&post=894"}],"curies":[{"name":"wp","href":"https:\/\/api.w.org\/{rel}","templated":true}]}}