{"id":896,"date":"2020-05-01T10:30:33","date_gmt":"2020-05-01T09:30:33","guid":{"rendered":"http:\/\/www.irenefeste.com\/?p=896"},"modified":"2020-06-21T13:53:15","modified_gmt":"2020-06-21T12:53:15","slug":"nicolas-fouquet-le-diner-du-grand-siecle","status":"publish","type":"post","link":"https:\/\/www.irenefeste.com\/?p=896","title":{"rendered":"Nicolas Fouquet, le d\u00eener du Grand Si\u00e8cle"},"content":{"rendered":"\n<p>La Soci\u00e9t\u00e9 Saint-Mand\u00e9enne d\u2019Histoire fait appel \u00e0 la Cie Fantaisies Baroques pour animer la soir\u00e9e autour de Nicolas Bouquet, \u00e0 l\u2019H\u00f4tel de Ville de Saint-Mand\u00e9, le Samedi 16 mai 2020 \u00e0 20h30.<\/p>\n\n\n\n<p>Chor\u00e9graphes et interpr\u00e8tes : Ir\u00e8ne Feste et Pierre-Fran\u00e7ois Doll\u00e9<\/p>\n\n\n\n<p class=\"has-text-align-center\"><strong><span class=\"has-inline-color has-red-color\">ANNULE pour cause de COVID-19<\/span><\/strong><\/p>\n","protected":false},"excerpt":{"rendered":"<p>La Soci\u00e9t\u00e9 Saint-Mand\u00e9enne d\u2019Histoire fait appel \u00e0 la Cie Fantaisies Baroques pour animer la soir\u00e9e autour de Nicolas Bouquet, \u00e0 l\u2019H\u00f4tel de Ville de Saint-Mand\u00e9, le Samedi 16 mai 2020 \u00e0 20h30. Chor\u00e9graphes et interpr\u00e8tes : Ir\u00e8ne Feste et Pierre-Fran\u00e7ois Doll\u00e9 ANNULE pour cause de COVID-19<\/p>\n","protected":false},"author":1,"featured_media":0,"comment_status":"closed","ping_status":"open","sticky":false,"template":"","format":"standard","meta":{"footnotes":""},"categories":[6,4],"tags":[],"class_list":["post-896","post","type-post","status-publish","format-standard","hentry","category-cie-fantaisies-baroques","category-spectacles"],"_links":{"self":[{"href":"https:\/\/www.irenefeste.com\/index.php?rest_route=\/wp\/v2\/posts\/896","targetHints":{"allow":["GET"]}}],"collection":[{"href":"https:\/\/www.irenefeste.com\/index.php?rest_route=\/wp\/v2\/posts"}],"about":[{"href":"https:\/\/www.irenefeste.com\/index.php?rest_route=\/wp\/v2\/types\/post"}],"author":[{"embeddable":true,"href":"https:\/\/www.irenefeste.com\/index.php?rest_route=\/wp\/v2\/users\/1"}],"replies":[{"embeddable":true,"href":"https:\/\/www.irenefeste.com\/index.php?rest_route=%2Fwp%2Fv2%2Fcomments&post=896"}],"version-history":[{"count":3,"href":"https:\/\/www.irenefeste.com\/index.php?rest_route=\/wp\/v2\/posts\/896\/revisions"}],"predecessor-version":[{"id":944,"href":"https:\/\/www.irenefeste.com\/index.php?rest_route=\/wp\/v2\/posts\/896\/revisions\/944"}],"wp:attachment":[{"href":"https:\/\/www.irenefeste.com\/index.php?rest_route=%2Fwp%2Fv2%2Fmedia&parent=896"}],"wp:term":[{"taxonomy":"category","embeddable":true,"href":"https:\/\/www.irenefeste.com\/index.php?rest_route=%2Fwp%2Fv2%2Fcategories&post=896"},{"taxonomy":"post_tag","embeddable":true,"href":"https:\/\/www.irenefeste.com\/index.php?rest_route=%2Fwp%2Fv2%2Ftags&post=896"}],"curies":[{"name":"wp","href":"https:\/\/api.w.org\/{rel}","templated":true}]}}