{"id":95,"date":"2013-08-22T20:34:31","date_gmt":"2013-08-22T19:34:31","guid":{"rendered":"http:\/\/www.irenefeste.com\/?p=95"},"modified":"2013-11-11T20:37:00","modified_gmt":"2013-11-11T19:37:00","slug":"festival-dutrecht","status":"publish","type":"post","link":"https:\/\/www.irenefeste.com\/?p=95","title":{"rendered":"Le Bal des Diplomates"},"content":{"rendered":"<p><strong><span style=\"font-size: 20px;\">Festival Oudemuziek Utrecht<\/span><\/strong><\/p>\n<p>Spectacle par Les Corps Eloquents &#8211; Hubert Hazebroucq<\/p>\n<p>Mardi 27 ao\u00fbt 2013 \u00e0 15h, au th\u00e9\u00e2tre Kikker<\/p>\n<p><em>Une histoire dans\u00e9e de la Guerre de Succession d\u2019Espagne<\/em><\/p>\n<p>A travers des danses et des musiques du r\u00e9pertoire baroque, reli\u00e9es par des r\u00e9cits et des textes du d\u00e9but du XVIIIe si\u00e8cle, il s\u2019agit d\u2019\u00e9voquer les relations entre les \u00e9v\u00e9nements militaires ou politiques de la Guerre de Succession d\u2019Espagne (1701-1713) et les \u0153uvres chor\u00e9graphiques compos\u00e9es au fil de ces occasions, pour le bal ou pour les ballets, et pour les spectacles de Coll\u00e8ges.<br \/>\nEn France comme en Angleterre, les danses en l\u2019honneur des membres de la famille royale, des chefs militaires victorieux et finalement de la paix convertissaient l\u2019actualit\u00e9 en divertissement, associant la c\u00e9l\u00e9bration du discours du pouvoir avec l\u2019exaltation de la gr\u00e2ce, et m\u00ealant propagande et abstraction.<br \/>\nLa succession des pi\u00e8ces les plus embl\u00e9matiques nous racontera les divers al\u00e9as qui aboutirent \u00e0 la Paix d\u2019Utrecht, ses p\u00e9rip\u00e9ties, ses anecdotes et ses personnalit\u00e9s \u00e9tonnantes, avec en contrepoint le raffinement sensible et la puissance formelle de l\u2019art chor\u00e9graphique baroque, qui transfiguraient alors les personnes et les \u00e9v\u00e9nements en signes \u00e9clatants.<\/p>\n<p>Danseurs : Ir\u00e8ne Feste, Hubert Hazebroucq<\/p>\n<p>Musiciens : Jed Wentz (traverso), Daniel Lanthier (hautbois), Cassandra Luckhardt (viole de \u00a0gambe), Panos Iliopoulos (clavecin)<\/p>\n<p><em style=\"line-height: 1.5;\">\u00a0<\/em><\/p>\n","protected":false},"excerpt":{"rendered":"<p>Festival Oudemuziek Utrecht Spectacle par Les Corps Eloquents &#8211; Hubert Hazebroucq Mardi 27 ao\u00fbt 2013 \u00e0 15h, au th\u00e9\u00e2tre Kikker Une histoire dans\u00e9e de la Guerre de Succession d\u2019Espagne A travers des danses et des musiques du r\u00e9pertoire baroque, reli\u00e9es par des r\u00e9cits et des textes du d\u00e9but du XVIIIe si\u00e8cle, il s\u2019agit d\u2019\u00e9voquer les &hellip; <a href=\"https:\/\/www.irenefeste.com\/?p=95\" class=\"more-link\">Continuer la lecture de <span class=\"screen-reader-text\">Le Bal des Diplomates<\/span> <span class=\"meta-nav\">&rarr;<\/span><\/a><\/p>\n","protected":false},"author":1,"featured_media":0,"comment_status":"closed","ping_status":"open","sticky":false,"template":"","format":"standard","meta":{"footnotes":""},"categories":[2,4],"tags":[],"class_list":["post-95","post","type-post","status-publish","format-standard","hentry","category-festivals","category-spectacles"],"_links":{"self":[{"href":"https:\/\/www.irenefeste.com\/index.php?rest_route=\/wp\/v2\/posts\/95","targetHints":{"allow":["GET"]}}],"collection":[{"href":"https:\/\/www.irenefeste.com\/index.php?rest_route=\/wp\/v2\/posts"}],"about":[{"href":"https:\/\/www.irenefeste.com\/index.php?rest_route=\/wp\/v2\/types\/post"}],"author":[{"embeddable":true,"href":"https:\/\/www.irenefeste.com\/index.php?rest_route=\/wp\/v2\/users\/1"}],"replies":[{"embeddable":true,"href":"https:\/\/www.irenefeste.com\/index.php?rest_route=%2Fwp%2Fv2%2Fcomments&post=95"}],"version-history":[{"count":3,"href":"https:\/\/www.irenefeste.com\/index.php?rest_route=\/wp\/v2\/posts\/95\/revisions"}],"predecessor-version":[{"id":99,"href":"https:\/\/www.irenefeste.com\/index.php?rest_route=\/wp\/v2\/posts\/95\/revisions\/99"}],"wp:attachment":[{"href":"https:\/\/www.irenefeste.com\/index.php?rest_route=%2Fwp%2Fv2%2Fmedia&parent=95"}],"wp:term":[{"taxonomy":"category","embeddable":true,"href":"https:\/\/www.irenefeste.com\/index.php?rest_route=%2Fwp%2Fv2%2Fcategories&post=95"},{"taxonomy":"post_tag","embeddable":true,"href":"https:\/\/www.irenefeste.com\/index.php?rest_route=%2Fwp%2Fv2%2Ftags&post=95"}],"curies":[{"name":"wp","href":"https:\/\/api.w.org\/{rel}","templated":true}]}}